{"id":13422,"date":"2025-05-08T09:55:33","date_gmt":"2025-05-08T09:55:33","guid":{"rendered":"https:\/\/bpnyklub.hu\/bpnyklub_wp\/?p=13422"},"modified":"2025-05-08T09:55:33","modified_gmt":"2025-05-08T09:55:33","slug":"k-i-r-a-n-d-u-l-a-s-3","status":"publish","type":"post","link":"https:\/\/bpnyklub.hu\/bpnyklub_wp\/blog\/2025\/05\/08\/k-i-r-a-n-d-u-l-a-s-3\/","title":{"rendered":"K I R \u00c1 N D U L \u00c1 S"},"content":{"rendered":"\n<h5 class=\"wp-block-heading\"><strong>okt\u00f3ber 04., szombat&nbsp;<\/strong>&#8211;&nbsp;<a href=\"https:\/\/oltarimult.hu\/?p=1350\" rel=\"noreferrer noopener\" target=\"_blank\"><strong>D&nbsp;<\/strong>\u00f6 m \u00f6 t \u00f6 r &#8211; palota (v\u00e1rosi m\u00fazeum) &#8211;&nbsp;<strong>V&nbsp;<\/strong>\u00e1 r o s h \u00e1 z a &#8211;&nbsp;<strong>Zs&nbsp;<\/strong>i n a g \u00f3 g a &#8211;&nbsp;<strong>R&nbsp;<\/strong>a i c h l e &#8211; palota<\/a><\/h5>\n\n\n\n<p><strong>Szabadka magyar szecesszi\u00f3s kincsei.&nbsp;<\/strong>Sz\u00e1zadfordul\u00f3 &#8211; ez az a sz\u00f3, amely egybeforr Szabadka vir\u00e1gkor\u00e1val, az a szinte m\u00e1r kifejez\u00e9ss\u00e9 v\u00e1lt fogalom, amely Kosztol\u00e1nyi poros-boros Szabadk\u00e1j\u00e1nak meghozta a felvir\u00e1gz\u00e1st, ipari forradalmat, innov\u00e1ci\u00f3k bet\u00f6r\u00e9s\u00e9t \u00e9s az egyik legszebb, leg\u00e9rdekesebb \u00e9s igaz\u00e1n magyar st\u00edlusegys\u00e9g elterjed\u00e9s\u00e9t &#8211; a szecesszi\u00f3t. Az art nouveau-k\u00e9nt ismert \u00e9p\u00edt\u00e9szeti st\u00edlus tal\u00e1n Barcelona v\u00e1ros\u00e1t tette val\u00f3ban vil\u00e1gh\u00edr\u0171v\u00e9, els\u0151sorban Antoni Gaud\u00ed \u00e9p\u00edt\u00e9sznek k\u00f6sz\u00f6nhet\u0151en, de K\u00f6z\u00e9p-Eur\u00f3p\u00e1ban van m\u00e9g egy v\u00e1ros, ahol Gaud\u00ed kort\u00e1rsai eme k\u00fcl\u00f6nleges ir\u00e1nyzat alapj\u00e1n alkottak, r\u00e1ad\u00e1sul az igazi, a magyar nemzet \u00f6r\u00f6ks\u00e9g\u00e9be r\u00e9g bele\u00edv\u00f3dott mot\u00edvumok felhaszn\u00e1l\u00e1s\u00e1val. Szabadk\u00e1n s\u00e9t\u00e1lva szinte nincs utca, amelyben ne ismern\u00e9nk r\u00e1 a maty\u00f3 vagy \u00e9ppen kalocsai h\u00edmz\u00e9sre, vagy ne venne minket k\u00f6rbe ezernyi sz\u00edv, mint a Zsinag\u00f3ga udvar\u00e1ba l\u00e9pve. Szabadk\u00e1n megk\u00f6zel\u00edt\u0151leg 120 \u00e9p\u00fclet emeltetett szecesszi\u00f3s st\u00edlusban. Sz\u00e1mos olyan rejtett kincs, r\u00e9gi h\u00e1z van, amelyen m\u00e9g mindig felismerhet\u0151k a magyar n\u00e9pi m\u0171v\u00e9szet elemei.<\/p>\n\n\n\n<p><strong>Sz<\/strong>akmai vezet\u0151nk:&nbsp;<strong>Dr. Oszk\u00f3 \u00c1gnes Ivett PhD<\/strong><strong>,&nbsp;<\/strong><em>m\u0171v\u00e9szett\u00f6rt\u00e9n\u00e9sz, a Magyar \u00c9p\u00edt\u00e9szeti M\u00fazeum (M\u00c9M) \u00e9s M\u0171eml\u00e9kv\u00e9delmi Dokument\u00e1ci\u00f3s K\u00f6zpont (MDK) tudom\u00e1nyos referense.<\/em><br><br><strong>R<\/strong>\u00e9szv\u00e9teli d\u00edj:&nbsp;<strong>20.0<\/strong><strong>00,-&nbsp;<\/strong>Ft \/ f\u0151 &#8211;&nbsp;<strong>R<\/strong>egisztr\u00e1ci\u00f3:&nbsp;<a href=\"mailto:szakmaiut@oltarimult.hu?subject=Szecesszi%C3%B3s%20Szabadka%20regisztr%C3%A1ci%C3%B3\" target=\"_blank\" rel=\"noreferrer noopener\">szakmaiut@oltarimult.hu<\/a><\/p>\n\n\n\n<p><strong><a href=\"https:\/\/oltarimult.hu\/?p=1350\" rel=\"noreferrer noopener\" target=\"_blank\">Tov\u00e1bb olvasom<\/a><\/strong><\/p>\n","protected":false},"excerpt":{"rendered":"<p>okt\u00f3ber 04., szombat&nbsp;&#8211;&nbsp;D&nbsp;\u00f6 m \u00f6 t \u00f6 r &#8211; palota (v\u00e1rosi m\u00fazeum) &#8211;&nbsp;V&nbsp;\u00e1 r o s h \u00e1 z a &#8211;&nbsp;Zs&nbsp;i n a g \u00f3 g a &#8211;&nbsp;R&nbsp;a i c h l e &#8211; palota Szabadka magyar szecesszi\u00f3s kincsei.&nbsp;Sz\u00e1zadfordul\u00f3 &#8211; ez az a sz\u00f3, amely egybeforr Szabadka vir\u00e1gkor\u00e1val, az a szinte m\u00e1r kifejez\u00e9ss\u00e9 v\u00e1lt fogalom,&#8230;<\/p>\n","protected":false},"author":3,"featured_media":13423,"comment_status":"closed","ping_status":"open","sticky":false,"template":"","format":"standard","meta":{"footnotes":""},"categories":[180,5],"tags":[],"class_list":["post-13422","post","type-post","status-publish","format-standard","has-post-thumbnail","hentry","category-hirek-esemenyek","category-klub","wpcat-180-id","wpcat-5-id"],"publishpress_future_action":{"enabled":false,"date":"2026-05-07 02:11:51","action":"change-status","newStatus":"draft","terms":[],"taxonomy":"category","extraData":[]},"publishpress_future_workflow_manual_trigger":{"enabledWorkflows":[]},"_links":{"self":[{"href":"https:\/\/bpnyklub.hu\/bpnyklub_wp\/wp-json\/wp\/v2\/posts\/13422","targetHints":{"allow":["GET"]}}],"collection":[{"href":"https:\/\/bpnyklub.hu\/bpnyklub_wp\/wp-json\/wp\/v2\/posts"}],"about":[{"href":"https:\/\/bpnyklub.hu\/bpnyklub_wp\/wp-json\/wp\/v2\/types\/post"}],"author":[{"embeddable":true,"href":"https:\/\/bpnyklub.hu\/bpnyklub_wp\/wp-json\/wp\/v2\/users\/3"}],"replies":[{"embeddable":true,"href":"https:\/\/bpnyklub.hu\/bpnyklub_wp\/wp-json\/wp\/v2\/comments?post=13422"}],"version-history":[{"count":0,"href":"https:\/\/bpnyklub.hu\/bpnyklub_wp\/wp-json\/wp\/v2\/posts\/13422\/revisions"}],"wp:featuredmedia":[{"embeddable":true,"href":"https:\/\/bpnyklub.hu\/bpnyklub_wp\/wp-json\/wp\/v2\/media\/13423"}],"wp:attachment":[{"href":"https:\/\/bpnyklub.hu\/bpnyklub_wp\/wp-json\/wp\/v2\/media?parent=13422"}],"wp:term":[{"taxonomy":"category","embeddable":true,"href":"https:\/\/bpnyklub.hu\/bpnyklub_wp\/wp-json\/wp\/v2\/categories?post=13422"},{"taxonomy":"post_tag","embeddable":true,"href":"https:\/\/bpnyklub.hu\/bpnyklub_wp\/wp-json\/wp\/v2\/tags?post=13422"}],"curies":[{"name":"wp","href":"https:\/\/api.w.org\/{rel}","templated":true}]}}