{"id":12202,"date":"2025-02-04T16:30:14","date_gmt":"2025-02-04T16:30:14","guid":{"rendered":"https:\/\/bpnyklub.hu\/bpnyklub_wp\/?p=12202"},"modified":"2025-02-04T16:42:53","modified_gmt":"2025-02-04T16:42:53","slug":"in-memoriam-domine-janos-ny-ddtbk","status":"publish","type":"post","link":"https:\/\/bpnyklub.hu\/bpnyklub_wp\/blog\/2025\/02\/04\/in-memoriam-domine-janos-ny-ddtbk\/","title":{"rendered":"In memoriam Domine J\u00e1nos ny. ddtbk."},"content":{"rendered":"\n<p class=\"has-text-align-center\"><strong>Domine J\u00e1nos nyug\u00e1llom\u00e1ny\u00fa dand\u00e1rt\u00e1bornok<\/strong><br><strong>(1944.11.30-2025.01.28.)<\/strong><\/p>\n\n\n\n<p class=\"has-black-color has-text-color has-link-color has-medium-font-size wp-elements-923722663fa7ec3dbd4747dcd6ef4c88\">Gy\u00e1szol a Honv\u00e9ds\u00e9gi Nyugd\u00edjas Klubok Orsz\u00e1gos Sz\u00f6vets\u00e9g\u00e9nek k\u00f6z\u00f6ss\u00e9ge, s vele egy\u00fctt minden olyan akt\u00edv \u00e9s nyug\u00e1llom\u00e1ny\u00fa katona, honv\u00e9ds\u00e9gi nyugd\u00edjas, aki ismerte \u00e9s tisztelte az 2025. janu\u00e1r 28-\u00e1n elhunyt Domine J\u00e1nos nyug\u00e1llom\u00e1ny\u00fa dand\u00e1rt\u00e1bornokot.<br>&nbsp;<\/p>\n\n\n<div class=\"wp-block-image\">\n<figure class=\"aligncenter size-large is-resized\"><img fetchpriority=\"high\" decoding=\"async\" width=\"768\" height=\"1024\" src=\"https:\/\/bpnyklub.hu\/bpnyklub_wp\/wp-content\/uploads\/2025\/02\/Domine-fenykep-768x1024.jpg\" alt=\"\" class=\"wp-image-12204\" style=\"width:344px;height:auto\" srcset=\"https:\/\/bpnyklub.hu\/bpnyklub_wp\/wp-content\/uploads\/2025\/02\/Domine-fenykep-768x1024.jpg 768w, https:\/\/bpnyklub.hu\/bpnyklub_wp\/wp-content\/uploads\/2025\/02\/Domine-fenykep-225x300.jpg 225w, https:\/\/bpnyklub.hu\/bpnyklub_wp\/wp-content\/uploads\/2025\/02\/Domine-fenykep-1152x1536.jpg 1152w, https:\/\/bpnyklub.hu\/bpnyklub_wp\/wp-content\/uploads\/2025\/02\/Domine-fenykep-1536x2048.jpg 1536w, https:\/\/bpnyklub.hu\/bpnyklub_wp\/wp-content\/uploads\/2025\/02\/Domine-fenykep-1218x1624.jpg 1218w, https:\/\/bpnyklub.hu\/bpnyklub_wp\/wp-content\/uploads\/2025\/02\/Domine-fenykep-870x1160.jpg 870w, https:\/\/bpnyklub.hu\/bpnyklub_wp\/wp-content\/uploads\/2025\/02\/Domine-fenykep-480x640.jpg 480w, https:\/\/bpnyklub.hu\/bpnyklub_wp\/wp-content\/uploads\/2025\/02\/Domine-fenykep.jpg 1800w\" sizes=\"(max-width: 768px) 100vw, 768px\" \/><\/figure>\n<\/div>\n\n\n<p class=\"has-black-color has-text-color has-link-color has-medium-font-size wp-elements-d7850f267c30b8d0d2c915d432c98af4\"><br>Domine t\u00e1bornok \u00far \u00e9vtizedeken kereszt\u00fcl akt\u00edv szerepl\u0151je volt a nyug\u00e1llom\u00e1ny\u00faak k\u00f6z\u00f6ss\u00e9g\u00e9nek, s ezen bel\u00fcl majdnem egy \u00e9vtizeden kereszt\u00fcl dolgozott sikeresen a HOKOSZ eln\u00f6kek\u00e9nt.<\/p>\n\n\n\n<p class=\"has-black-color has-text-color has-link-color has-medium-font-size wp-elements-02df85266ccc28c3bc745358fcb41285\">Katonak\u00e9nt is irigyl\u00e9sre m\u00e9lt\u00f3 p\u00e1lyafut\u00e1st tudott maga m\u00f6g\u00f6tt. P\u00e1ly\u00e1ja 18 \u00e9vesen kezd\u0151d\u00f6tt, amikor bevonult az Egyes\u00edtett Tiszti Iskola hadt\u00e1p szak\u00e1ra.&nbsp; A tisztiiskola elv\u00e9gz\u00e9s\u00e9t k\u00f6vet\u0151en els\u0151 beoszt\u00e1s\u00e1t Ercsiben a 37. \u00f6n\u00e1ll\u00f3 pontonh\u00edd ezredn\u00e9l kapta, ahol 4 \u00e9vig \u00e9lelmiszerszolg\u00e1lat vezet\u0151k\u00e9nt szolg\u00e1lt. 1970-t\u0151l 1975-ig a Magyar N\u00e9phadsereg hadt\u00e1pf\u0151n\u00f6ks\u00e9g\u00e9n dolgozott k\u00fcl\u00f6nb\u00f6z\u0151 t\u00f6rzstiszti beoszt\u00e1sokban. 1975-1978 k\u00f6z\u00f6tt elv\u00e9gezte a Zr\u00ednyi Mikl\u00f3s Akad\u00e9mia alapszak\u00e1t.<\/p>\n\n\n\n<p class=\"has-black-color has-text-color has-link-color has-medium-font-size wp-elements-108dab68310920b727da64d151e6cd4c\">1978-t\u00f3l 1985-ig az MN Hadt\u00e1pf\u0151n\u00f6ks\u00e9gen szolg\u00e1lt k\u00fcl\u00f6nb\u00f6z\u0151 beoszt\u00e1sokban kezdve kiemelt csapatgazd\u00e1lkod\u00e1si f\u0151tisztt\u0151l az oszt\u00e1lyvezet\u0151 helyettesig. 1985-ben kis kit\u00e9r\u0151 k\u00f6vetkezett, egy h\u00e9t h\u00f3napos tanfolyam a Szovjetuni\u00f3 Katonai Hadt\u00e1p \u00e9s Sz\u00e1ll\u00edt\u00e1si Akad\u00e9mi\u00e1j\u00e1n.<\/p>\n\n\n\n<p class=\"has-black-color has-text-color has-link-color has-medium-font-size wp-elements-6e3ac80c584b6664890c3b8dd1d4bf7c\">1989-t\u0151l az MH Hadt\u00e1p Csoportf\u0151n\u00f6ks\u00e9gen csoportvezet\u0151, majd az MH Gazd\u00e1lkod\u00e1si Csoportf\u0151n\u00f6ks\u00e9gen a csoportf\u0151n\u00f6k ell\u00e1t\u00f3 helyettese, k\u00e9s\u0151bb megb\u00edzott csoportf\u0151n\u00f6k. 1992-1997-ig az MH Anyagi-technikai Csoportf\u0151n\u00f6ks\u00e9gen el\u0151sz\u00f6r gazd\u00e1lkod\u00e1si csoportf\u0151n\u00f6k, majd 1996-1997 k\u00f6z\u00f6tt a f\u0151csoportf\u0151n\u00f6k els\u0151 helyettese.<\/p>\n\n\n\n<p class=\"has-black-color has-text-color has-link-color has-medium-font-size wp-elements-21098cd11f5d6126ec5a160b23d79e3d\">1997-ben kinevezt\u00e9k az \u00fajonnan l\u00e9trehozott MH Logisztikai F\u0151igazgat\u00f3s\u00e1g f\u0151igazgat\u00f3j\u00e1nak. M\u00e1r kinevez\u00e9sekor d\u00f6nt\u00f6tt arr\u00f3l, hogy az 55. \u00e9let\u00e9ve bet\u00f6lt\u00e9s\u00e9t k\u00f6vet\u0151en befejezi akt\u00edv katonai p\u00e1lyafut\u00e1s\u00e1t, s ennek megfelel\u0151en 37 \u00e9v kiemelked\u0151 katonai p\u00e1lyafut\u00e1st maga m\u00f6g\u00f6tt tudva 1999. december 29-\u00e9n nyug\u00e1llom\u00e1nyba vonult. Szolg\u00e1latai ideje alatt 14 k\u00fcl\u00f6nf\u00e9le kit\u00fcntet\u00e9sben r\u00e9szes\u00fclt, ezek k\u00f6z\u00fcl kiemelkedik a Magyar K\u00f6zt\u00e1rsas\u00e1g Csillagrendje (1991-ben), illetve a F\u00e1y Andr\u00e1s d\u00edj (1999-ben).<\/p>\n\n\n\n<p class=\"has-black-color has-text-color has-link-color has-medium-font-size wp-elements-3580f3a97abb71e2bede8887ca9596d9\">Nyug\u00e1llom\u00e1nyba vonul\u00e1s\u00e1t k\u00f6vet\u0151en 2000-ben csatlakozott az Ercsi Honv\u00e9d Nyug\u00e1llom\u00e1ny\u00faak Klubj\u00e1hoz, ahol szinte azonnal megv\u00e1lasztott\u00e1k eln\u00f6knek. 2016-t\u00f3l a Honv\u00e9ds\u00e9gi Nyug\u00e1llom\u00e1ny\u00fa Klubok Orsz\u00e1gos Sz\u00f6vets\u00e9g\u00e9nek eln\u00f6ke. A nyug\u00e1llom\u00e1ny\u00faak \u00e9rdekben v\u00e9gzett tev\u00e9kenys\u00e9g\u00e9nek elismer\u00e9sek\u00e9nt megkapta a Honv\u00e9delem\u00e9rt Kit\u00fcntet\u0151 C\u00edm II. \u00e9s I. fokozatait, az Aranykor Kit\u00fcntet\u0151 C\u00edm Arany fokozat\u00e1t, melyeken k\u00edv\u00fcl 5 alkalommal r\u00e9szes\u00fclt t\u00e1rgyjutalomban, illetve Elismer\u0151 Oklev\u00e9lben (2021-ben Vez\u00e9ri Buzog\u00e1ny elismer\u00e9sben r\u00e9szes\u00fclt).&nbsp;<\/p>\n\n\n\n<p class=\"has-black-color has-text-color has-link-color has-medium-font-size wp-elements-2228d9329875e77123fb5ec1f4433229\">2023-ban Nemzeti \u00dcnnep\u00fcnk, m\u00e1rcius 15. alkalm\u00e1b\u00f3l, az Ercsi \u00d6nkorm\u00e1nyzat el\u0151terjeszt\u00e9s\u00e9re, Magyarorsz\u00e1g K\u00f6zt\u00e1rsas\u00e1gi eln\u00f6ke a Magyar \u00c9rdemrend tisztikeresztje katonai tagozat elismer\u00e9st adom\u00e1nyozta r\u00e9sz\u00e9re.<\/p>\n\n\n\n<p class=\"has-black-color has-text-color has-link-color has-medium-font-size wp-elements-65ca23308ed637506ef738b19fea3bbd\">Elk\u00f6telezetts\u00e9ge, munkab\u00edr\u00e1sa, vezet\u0151, szervez\u0151 k\u00e9szs\u00e9ge, hat\u00e1rozott m\u00e9gis mindenkivel szemben kedves szem\u00e9lyis\u00e9ge felejthetetlenn\u00e9 teszi szem\u00e9ly\u00e9t mindazok lelk\u00e9ben, akik ismert\u00e9k, tisztelt\u00e9k.&nbsp;<\/p>\n\n\n\n<p class=\"has-black-color has-text-color has-link-color has-medium-font-size wp-elements-86be2c825dd43f9567676a10b72f03bf\">Domine J\u00e1nos t\u00e1bornok \u00far! Nyugodj B\u00e9k\u00e9ben! Legyen neked k\u00f6nny\u0171 a f\u00f6ld!<\/p>\n","protected":false},"excerpt":{"rendered":"<p>Domine J\u00e1nos nyug\u00e1llom\u00e1ny\u00fa dand\u00e1rt\u00e1bornok(1944.11.30-2025.01.28.) Gy\u00e1szol a Honv\u00e9ds\u00e9gi Nyugd\u00edjas Klubok Orsz\u00e1gos Sz\u00f6vets\u00e9g\u00e9nek k\u00f6z\u00f6ss\u00e9ge, s vele egy\u00fctt minden olyan akt\u00edv \u00e9s nyug\u00e1llom\u00e1ny\u00fa katona, honv\u00e9ds\u00e9gi nyugd\u00edjas, aki ismerte \u00e9s tisztelte az 2025. janu\u00e1r 28-\u00e1n elhunyt Domine J\u00e1nos nyug\u00e1llom\u00e1ny\u00fa dand\u00e1rt\u00e1bornokot.&nbsp; Domine t\u00e1bornok \u00far \u00e9vtizedeken kereszt\u00fcl akt\u00edv szerepl\u0151je volt a nyug\u00e1llom\u00e1ny\u00faak k\u00f6z\u00f6ss\u00e9g\u00e9nek, s ezen bel\u00fcl majdnem egy \u00e9vtizeden kereszt\u00fcl dolgozott&#8230;<\/p>\n","protected":false},"author":1,"featured_media":12209,"comment_status":"closed","ping_status":"open","sticky":false,"template":"","format":"standard","meta":{"footnotes":""},"categories":[180],"tags":[],"class_list":["post-12202","post","type-post","status-publish","format-standard","has-post-thumbnail","hentry","category-hirek-esemenyek","wpcat-180-id"],"publishpress_future_action":{"enabled":false,"date":"2026-05-06 13:20:50","action":"change-status","newStatus":"draft","terms":[],"taxonomy":"category","extraData":[]},"publishpress_future_workflow_manual_trigger":{"enabledWorkflows":[]},"_links":{"self":[{"href":"https:\/\/bpnyklub.hu\/bpnyklub_wp\/wp-json\/wp\/v2\/posts\/12202","targetHints":{"allow":["GET"]}}],"collection":[{"href":"https:\/\/bpnyklub.hu\/bpnyklub_wp\/wp-json\/wp\/v2\/posts"}],"about":[{"href":"https:\/\/bpnyklub.hu\/bpnyklub_wp\/wp-json\/wp\/v2\/types\/post"}],"author":[{"embeddable":true,"href":"https:\/\/bpnyklub.hu\/bpnyklub_wp\/wp-json\/wp\/v2\/users\/1"}],"replies":[{"embeddable":true,"href":"https:\/\/bpnyklub.hu\/bpnyklub_wp\/wp-json\/wp\/v2\/comments?post=12202"}],"version-history":[{"count":0,"href":"https:\/\/bpnyklub.hu\/bpnyklub_wp\/wp-json\/wp\/v2\/posts\/12202\/revisions"}],"wp:featuredmedia":[{"embeddable":true,"href":"https:\/\/bpnyklub.hu\/bpnyklub_wp\/wp-json\/wp\/v2\/media\/12209"}],"wp:attachment":[{"href":"https:\/\/bpnyklub.hu\/bpnyklub_wp\/wp-json\/wp\/v2\/media?parent=12202"}],"wp:term":[{"taxonomy":"category","embeddable":true,"href":"https:\/\/bpnyklub.hu\/bpnyklub_wp\/wp-json\/wp\/v2\/categories?post=12202"},{"taxonomy":"post_tag","embeddable":true,"href":"https:\/\/bpnyklub.hu\/bpnyklub_wp\/wp-json\/wp\/v2\/tags?post=12202"}],"curies":[{"name":"wp","href":"https:\/\/api.w.org\/{rel}","templated":true}]}}