{"id":11283,"date":"2024-09-07T06:06:43","date_gmt":"2024-09-07T06:06:43","guid":{"rendered":"https:\/\/bpnyklub.hu\/bpnyklub_wp\/?p=11283"},"modified":"2024-09-18T16:44:51","modified_gmt":"2024-09-18T16:44:51","slug":"2024-oktober-16-an-szerdan-a-cserhat-dombjai-koze-buszos-kirandulasra-hivlak-benneteket","status":"publish","type":"post","link":"https:\/\/bpnyklub.hu\/bpnyklub_wp\/blog\/2024\/09\/07\/2024-oktober-16-an-szerdan-a-cserhat-dombjai-koze-buszos-kirandulasra-hivlak-benneteket\/","title":{"rendered":"2024. okt\u00f3ber 16.-\u00e1n, szerd\u00e1n a Cserh\u00e1t dombjai k\u00f6z\u00e9, buszos kir\u00e1ndul\u00e1sra h\u00edvlak benneteket."},"content":{"rendered":"\n<p><\/p>\n\n\n\n<p><\/p>\n\n\n\n<p>Tal\u00e1lkoz\u00e1s a Stef\u00e1nia Palota el\u0151tt 07.45.-kor. A busz indul 08.00.-kor.<\/p>\n\n\n\n<p>Els\u0151 \u00e1llom\u00e1sunk Gar\u00e1b (kor\u00e1bbi nev\u00e9n Grabensia) egy \u0151si, t\u00f6bb, mint 1000 \u00e9ves telep\u00fcl\u00e9s, ahol nemr\u00e9g tal\u00e1lt\u00e1k meg egy premontrei ap\u00e1ts\u00e1g romjait is. A hely adotts\u00e1gai \u00f6sszefon\u00f3dnak a Samsara (\u201ev\u00e1ndorl\u00e1s\u201d, a sz\u00fclet\u00e9s \u00e9s a hal\u00e1l k\u00f6rforg\u00e1sa, a l\u00e9lekv\u00e1ndorl\u00e1s indiai form\u00e1ja) hat\u00e1saival. A Cserh\u00e1t hegyvonulatai k\u00f6z\u00f6tt sz\u00e1mos buddhista \u00e9s kereszt\u00e9ny szent hely tal\u00e1lhat\u00f3, \u00e9s leny\u0171g\u00f6z\u0151 a hegyek \u00e9s az erd\u0151 tal\u00e1lkoz\u00e1sa ezzel az energetik\u00e1val.<\/p>\n\n\n\n<p>Idegenvezet\u0151nk 10.00 \u00f3r\u00e1ra v\u00e1r minket, seg\u00edts\u00e9g\u00e9vel ismerked\u00fcnk a Buddhista vall\u00e1ssal, megismerhetj\u00fck Grabensia kertj\u00e9nek var\u00e1zslatos sz\u00e9ps\u00e9g\u00e9t \u00e9s megmutatja nek\u00fcnk &#8211; jelenleg &#8211; a vil\u00e1g legnagyobb hangt\u00e1lj\u00e1t. 2018-ban \u00f6nt\u00f6tt\u00e9k egy \u00e9vsz\u00e1zados hagyom\u00e1nyokkal rendelkez\u0151 harang\u00f6nt\u0151 m\u0171helyben. S\u00falya t\u00f6bb, mint 2,5 tonna \u00e9s \u00e1tm\u00e9r\u0151je 233 cm.<\/p>\n\n\n\n<p>A bel\u00e9p\u0151d\u00edj idegenvezet\u00e9ssel&nbsp;<strong>2.250 Ft\/f\u0151<\/strong><\/p>\n\n\n\n<p>11.30-t\u00f3l lehet\u0151s\u00e9g\u00fcnk lesz \u00e9tkez\u00e9sre is a Grabensia fogad\u00f3ban.<\/p>\n\n\n\n<p>Az al\u00e1bbi v\u00e1laszt\u00e9kot aj\u00e1nlj\u00e1k sz\u00e1munkra:<\/p>\n\n\n\n<p>1. Oliv\u00e1s pest\u00f3s t\u00e9szta<\/p>\n\n\n\n<p>2. Ganca s\u00fclt hagym\u00e1val, fokhagym\u00e1s tejf\u00f6llel<\/p>\n\n\n\n<p>3. Pal\u00f3cleves tejf\u00f6llel<\/p>\n\n\n\n<p>Az \u00e9telek \u00e1ra egys\u00e9gesen:&nbsp;<strong>2 750.-Ft<\/strong>. Az \u00e1r tartalmazza a 10% szerv\u00edzd\u00edjat is.<\/p>\n\n\n\n<p>K\u00e9rem, hogy a jelentkez\u00e9setekkel egyid\u0151ben jel\u00f6lj\u00e9tek meg mit szeretn\u00e9tek enni. Az \u00e9tterem ig\u00e9nyeink szerint k\u00e9sz\u00fcl a fogad\u00e1sunkra. A v\u00e1lasztott \u00e9tel \u00e1r\u00e1t a buszon a bel\u00e9p\u0151k \u00e1r\u00e1val egyidej\u0171leg fogom \u00f6sszeszedni. Ital fogyaszt\u00e1sotokat helyben kell fizetnetek.<\/p>\n\n\n\n<p>Eb\u00e9d ut\u00e1n, 13.30-kor \u00fajra buszra sz\u00e1llunk \u00e9s indulunk Mohor\u00e1ra, ahol a Tolnay Kl\u00e1ri Eml\u00e9kh\u00e1zban v\u00e1rnak minket.&nbsp; Megtekintj\u00fck a Tolnay Kl\u00e1ri \u00e9letm\u0171-ki\u00e1ll\u00edt\u00e1st, illetve az ideiglenes B\u00e9res Ilona \u00e9letm\u0171-ki\u00e1ll\u00edt\u00e1st.<\/p>\n\n\n\n<p>A bel\u00e9p\u0151d\u00edj idegenvezet\u00e9ssel&nbsp;<strong>1.200 Ft\/f\u0151<\/strong><\/p>\n\n\n\n<p>Budapestre indulunk 16.00-kor, v\u00e1rhat\u00f3 \u00e9rkez\u00e9s\u00fcnk a Stef\u00e1nia Palota el\u00e9 18.00 \u00f3rakor.<\/p>\n\n\n\n<p>A buszt teletankkal kapjuk, teletankkal kell visszaadni. A benzin k\u00f6lts\u00e9geket nek\u00fcnk kell megfizetni. A benzin k\u00f6lts\u00e9g a r\u00e9sztvev\u0151k l\u00e9tsz\u00e1m\u00e1val oszt\u00f3dik, fejenk\u00e9nt telebusz eset\u00e9n&nbsp;<strong>2 500<\/strong>.-Ft\/f\u0151.<\/p>\n\n\n\n<p>2024. szeptember 23.-\u00e1n 11.30-14.00 k\u00f6z\u00f6tt v\u00e1rlak benneteket a Stef\u00e1nia Palot\u00e1ban, a ruhat\u00e1r el\u0151tti asztalokn\u00e1l a buszk\u00f6lts\u00e9g befizet\u00e9s\u00e9re. Visszal\u00e9p\u00e9s eset\u00e9n a buszk\u00f6lts\u00e9get nem tudom visszafizetni, kiv\u00e9ve, ha az utat lemond\u00f3 maga helyett m\u00e1sik utast hoz.<\/p>\n\n\n\n<p>A fennmarad\u00f3 \u00f6sszeget a buszon szedem \u00f6ssze. K\u00e9rek mindenkit, hogy a p\u00e9nzt \u00fagy k\u00e9sz\u00edtse el\u0151, hogy ne kelljen visszaad\u00e1ssal, v\u00e1lt\u00e1ssal foglalkoznom.<\/p>\n\n\n\n<p>Jelentkezni n\u00e1lam lehet a 06 30 074 2887 telefonsz\u00e1mon 08.00-17.00 k\u00f6z\u00f6tt, vagy a&nbsp;<a href=\"mailto:szekulane.csilla@gmail.com\" target=\"_blank\" rel=\"noreferrer noopener\">szekulane.csilla@gmail.com<\/a>&nbsp; email c\u00edmen. Jelentkez\u00e9skor k\u00e9rem a nevet, telefonsz\u00e1mot, email c\u00edmet \u00e9s a tagozat megnevez\u00e9s\u00e9t.<\/p>\n\n\n\n<p>T\u00e1j\u00e9koztatom a jelentkez\u0151ket, hogy a programon f\u00e9nyk\u00e9p \u00e9s vide\u00f3 k\u00e9sz\u00fcl.<\/p>\n\n\n\n<p>&#8212;<\/p>\n\n\n\n<p><strong>&nbsp; &nbsp;&nbsp; &nbsp; &nbsp; &nbsp;&nbsp;&nbsp;Szekul\u00e1n\u00e9 Csilla<\/strong>&nbsp; &nbsp; &nbsp; &nbsp; &nbsp; &nbsp; BPNYKLUB&nbsp;KB eln\u00f6k<\/p>\n\n\n\n<p>&nbsp; &nbsp; &nbsp; &nbsp; &nbsp; &nbsp; &nbsp; &nbsp;06 30 074 2887<\/p>\n\n\n\n<p>&nbsp; &nbsp; &nbsp;&nbsp;<a href=\"mailto:szekulane.csilla@gmail.com\" target=\"_blank\" rel=\"noreferrer noopener\">szekulane.csilla@gmail.com<\/a><\/p>\n","protected":false},"excerpt":{"rendered":"<p>Tal\u00e1lkoz\u00e1s a Stef\u00e1nia Palota el\u0151tt 07.45.-kor. A busz indul 08.00.-kor. Els\u0151 \u00e1llom\u00e1sunk Gar\u00e1b (kor\u00e1bbi nev\u00e9n Grabensia) egy \u0151si, t\u00f6bb, mint 1000 \u00e9ves telep\u00fcl\u00e9s, ahol nemr\u00e9g tal\u00e1lt\u00e1k meg egy premontrei ap\u00e1ts\u00e1g romjait is. A hely adotts\u00e1gai \u00f6sszefon\u00f3dnak a Samsara (\u201ev\u00e1ndorl\u00e1s\u201d, a sz\u00fclet\u00e9s \u00e9s a hal\u00e1l k\u00f6rforg\u00e1sa, a l\u00e9lekv\u00e1ndorl\u00e1s indiai form\u00e1ja) hat\u00e1saival. A Cserh\u00e1t hegyvonulatai k\u00f6z\u00f6tt sz\u00e1mos&#8230;<\/p>\n","protected":false},"author":3,"featured_media":11435,"comment_status":"closed","ping_status":"open","sticky":false,"template":"","format":"standard","meta":{"footnotes":""},"categories":[180],"tags":[],"class_list":["post-11283","post","type-post","status-publish","format-standard","has-post-thumbnail","hentry","category-hirek-esemenyek","wpcat-180-id"],"publishpress_future_action":{"enabled":false,"date":"2026-05-07 02:39:57","action":"change-status","newStatus":"draft","terms":[],"taxonomy":"category","extraData":[]},"publishpress_future_workflow_manual_trigger":{"enabledWorkflows":[]},"_links":{"self":[{"href":"https:\/\/bpnyklub.hu\/bpnyklub_wp\/wp-json\/wp\/v2\/posts\/11283","targetHints":{"allow":["GET"]}}],"collection":[{"href":"https:\/\/bpnyklub.hu\/bpnyklub_wp\/wp-json\/wp\/v2\/posts"}],"about":[{"href":"https:\/\/bpnyklub.hu\/bpnyklub_wp\/wp-json\/wp\/v2\/types\/post"}],"author":[{"embeddable":true,"href":"https:\/\/bpnyklub.hu\/bpnyklub_wp\/wp-json\/wp\/v2\/users\/3"}],"replies":[{"embeddable":true,"href":"https:\/\/bpnyklub.hu\/bpnyklub_wp\/wp-json\/wp\/v2\/comments?post=11283"}],"version-history":[{"count":0,"href":"https:\/\/bpnyklub.hu\/bpnyklub_wp\/wp-json\/wp\/v2\/posts\/11283\/revisions"}],"wp:featuredmedia":[{"embeddable":true,"href":"https:\/\/bpnyklub.hu\/bpnyklub_wp\/wp-json\/wp\/v2\/media\/11435"}],"wp:attachment":[{"href":"https:\/\/bpnyklub.hu\/bpnyklub_wp\/wp-json\/wp\/v2\/media?parent=11283"}],"wp:term":[{"taxonomy":"category","embeddable":true,"href":"https:\/\/bpnyklub.hu\/bpnyklub_wp\/wp-json\/wp\/v2\/categories?post=11283"},{"taxonomy":"post_tag","embeddable":true,"href":"https:\/\/bpnyklub.hu\/bpnyklub_wp\/wp-json\/wp\/v2\/tags?post=11283"}],"curies":[{"name":"wp","href":"https:\/\/api.w.org\/{rel}","templated":true}]}}