{"id":842,"date":"2024-05-06T18:03:31","date_gmt":"2024-05-06T16:03:31","guid":{"rendered":"https:\/\/bpnyklub.hu\/bpnyklub_wp\/godt\/?p=842"},"modified":"2024-05-06T18:05:25","modified_gmt":"2024-05-06T16:05:25","slug":"2024-januari-klubnaprol","status":"publish","type":"post","link":"https:\/\/bpnyklub.hu\/bpnyklub_wp\/godt\/2024\/05\/06\/2024-januari-klubnaprol\/","title":{"rendered":"2024. janu\u00e1ri klubnapr\u00f3l"},"content":{"rendered":"\n<p>A 2024. jan. 18-i klubnapot a Kir\u00e1lyi V\u00e1r\u00f3ban tartottuk.&nbsp; A klubnap els\u0151 napirendi pontja a 2023. \u00e9vi eln\u00f6ki \u00e9s titk\u00e1ri besz\u00e1mol\u00f3k voltak. El\u0151sz\u00f6r L\u00e1nyi Alad\u00e1r, tagozatunk eln\u00f6ke besz\u00e1molt a 2023. \u00e9vi klubtev\u00e9kenys\u00e9gr\u0151l. Eredm\u00e9nyes \u00e9v\u00fcnk volt a 2023-as \u00e9v. Klubnapjaink rendben, nagy \u00e9rdekl\u0151d\u00e9s mellett ker\u00fcltek megtart\u00e1sra. R\u00e9szt vett\u00fcnk sok \u00e9rdekes belf\u00f6ldi \u00e9s egy k\u00fclf\u00f6ldi kir\u00e1ndul\u00e1son, valamint a G\u00f6d\u00f6ll\u0151 v\u00e1ros\u00e1ban rendezett sok t\u00e1rsadalmi \u00e9s kultur\u00e1lis rendezv\u00e9nyen. Ezut\u00e1n titk\u00e1runk, L\u00e1nyi Alad\u00e1rn\u00e9 tartotta meg a p\u00e9nz\u00fcgyi besz\u00e1mol\u00f3j\u00e1t. Besz\u00e9lt a klub anyagi helyzet\u00e9r\u0151l, a tagl\u00e9tsz\u00e1m alakul\u00e1s\u00e1r\u00f3l. A klub anyagi \u00e1llapota stabil, a 2024. \u00e9vi klubtev\u00e9kenys\u00e9g a jelenlegi felt\u00e9telek eset\u00e9n anyagilag biztos\u00edtott.<\/p>\n\n\n\n<p>M\u00e1sodik napirendi pontk\u00e9nt Hajnal Ir\u00e9n tagunk, a G\u00f6d\u00f6ll\u0151 V\u00e1ros Nyugd\u00edjasok Egyes\u00fclet\u00e9nek turisztikai vezet\u0151je \u00f6sszefoglalta a 2023. \u00e9vben \u00e1ltala szervezett kir\u00e1ndul\u00e1sokat. K\u00e9t r\u00f6vid vide\u00f3t is levet\u00edtett\u00fcnk ezekr\u0151l a kir\u00e1ndul\u00e1sokr\u00f3l. A vide\u00f3kat Temesv\u00e1ri Gabilla, kedves nyugd\u00edjas t\u00e1rsunk k\u00e9sz\u00edtette a tagjaink felv\u00e9telei alapj\u00e1n. Hajnal Ir\u00e9n t\u00e1j\u00e9koztatta a tags\u00e1got a hamarosan megrendezend\u0151 \u201eIdegenvezet\u0151k Vil\u00e1gnapja\u201d febru\u00e1ri g\u00f6d\u00f6ll\u0151i program kapcs\u00e1n v\u00e9gzend\u0151 feladatainkr\u00f3l \u00e9s a 2024. \u00e9vi, szervez\u00e9s alatt l\u00e9v\u0151 kir\u00e1ndul\u00e1sokr\u00f3l.<\/p>\n\n\n\n<p>A sz\u00fcnetben m\u00f3d ny\u00edlt m\u00e9g a tagd\u00edjak befizet\u00e9s\u00e9re \u00e9s a tagjaink k\u00f6z\u00f6tti bar\u00e1ti besz\u00e9lget\u00e9sre.<\/p>\n\n\n\n<p>Sz\u00fcnet ut\u00e1n a harmadik napirendi pontk\u00e9nt k\u00f6sz\u00f6nt\u00f6tt\u00fck a janu\u00e1ri n\u00e9v- \u00e9s sz\u00fclet\u00e9snapos tagjainkat, akik a sz\u00fcnetben s\u00fctem\u00e9nnyel k\u00edn\u00e1lt\u00e1k a tags\u00e1got.<\/p>\n\n\n\n<p>K\u00f6sz\u00f6nt\u00f6tt\u00fck T\u00f3th P\u00e9ter Csaba ny. alezredes, alap\u00edt\u00f3 tagt\u00e1rsunkat abb\u00f3l az alkalomb\u00f3l, hogy az idei \u00e9vben megkapta a G\u00f6d\u00f6ll\u0151 V\u00e1ros Kult\u00far\u00e1j\u00e1\u00e9rt kit\u00fcntet\u00e9st, els\u0151sorban a Duflex Fotogr\u00e1fiai St\u00fadi\u00f3 eln\u00f6kek\u00e9nt v\u00e9gzett tev\u00e9kenys\u00e9g\u00e9\u00e9rt.<\/p>\n\n\n\n<p>Egyebek napirendi pontban t\u00e1j\u00e9koztattuk a tags\u00e1got arr\u00f3l, hogy a j\u00fan. 20-i k\u0151szegi kir\u00e1ndul\u00e1sunkra megkapjuk a 40 f\u0151s honv\u00e9ds\u00e9gi buszt, valamint a MH BPNYKLUB 2024. \u00e9vi tervezett rendezv\u00e9nyeir\u0151l \u00e9s az ott megtartott nagyon j\u00f3 hangulat\u00fa \u201eP\u00f3tszilveszter\u201d nev\u0171 rendezv\u00e9nyr\u0151l, illetve a febr. 21-i G\u00f6d\u00f6ll\u0151i Nyugd\u00edjas Akad\u00e9miai el\u0151ad\u00e1sr\u00f3l, ahol Dr. G\u00e9mesi Gy\u00f6rgy polg\u00e1rmester \u00far sz\u00e1mol majd be a v\u00e1ros helyzet\u00e9r\u0151l, a v\u00e1ros r\u00f6vid t\u00e1v\u00fa terveir\u0151l.<\/p>\n\n\n\n<p>\u00cdrta: L\u00e1nyi Alad\u00e1rn\u00e9 titk\u00e1r<\/p>\n\n\n\n<figure class=\"wp-block-image size-large\"><img loading=\"lazy\" decoding=\"async\" width=\"1024\" height=\"576\" src=\"https:\/\/bpnyklub.hu\/bpnyklub_wp\/godt\/wp-content\/uploads\/sites\/29\/2024\/05\/IMG_20240118_145024-1024x576.jpg\" alt=\"\" class=\"wp-image-843\" srcset=\"https:\/\/bpnyklub.hu\/bpnyklub_wp\/godt\/wp-content\/uploads\/sites\/29\/2024\/05\/IMG_20240118_145024-1024x576.jpg 1024w, https:\/\/bpnyklub.hu\/bpnyklub_wp\/godt\/wp-content\/uploads\/sites\/29\/2024\/05\/IMG_20240118_145024-300x169.jpg 300w, https:\/\/bpnyklub.hu\/bpnyklub_wp\/godt\/wp-content\/uploads\/sites\/29\/2024\/05\/IMG_20240118_145024-768x432.jpg 768w, https:\/\/bpnyklub.hu\/bpnyklub_wp\/godt\/wp-content\/uploads\/sites\/29\/2024\/05\/IMG_20240118_145024-1536x864.jpg 1536w, https:\/\/bpnyklub.hu\/bpnyklub_wp\/godt\/wp-content\/uploads\/sites\/29\/2024\/05\/IMG_20240118_145024-2048x1152.jpg 2048w, https:\/\/bpnyklub.hu\/bpnyklub_wp\/godt\/wp-content\/uploads\/sites\/29\/2024\/05\/IMG_20240118_145024-1218x685.jpg 1218w, https:\/\/bpnyklub.hu\/bpnyklub_wp\/godt\/wp-content\/uploads\/sites\/29\/2024\/05\/IMG_20240118_145024-870x489.jpg 870w, https:\/\/bpnyklub.hu\/bpnyklub_wp\/godt\/wp-content\/uploads\/sites\/29\/2024\/05\/IMG_20240118_145024-480x270.jpg 480w\" sizes=\"auto, (max-width: 1024px) 100vw, 1024px\" \/><\/figure>\n","protected":false},"excerpt":{"rendered":"<p>A 2024. jan. 18-i klubnapot a Kir\u00e1lyi V\u00e1r\u00f3ban tartottuk.&nbsp; A klubnap els\u0151 napirendi pontja a 2023. \u00e9vi eln\u00f6ki \u00e9s titk\u00e1ri besz\u00e1mol\u00f3k voltak. El\u0151sz\u00f6r L\u00e1nyi Alad\u00e1r, tagozatunk eln\u00f6ke besz\u00e1molt a 2023. \u00e9vi klubtev\u00e9kenys\u00e9gr\u0151l. Eredm\u00e9nyes \u00e9v\u00fcnk volt a 2023-as \u00e9v. Klubnapjaink rendben, nagy \u00e9rdekl\u0151d\u00e9s mellett ker\u00fcltek megtart\u00e1sra. R\u00e9szt vett\u00fcnk sok \u00e9rdekes belf\u00f6ldi \u00e9s egy k\u00fclf\u00f6ldi kir\u00e1ndul\u00e1son, valamint&#8230;<\/p>\n","protected":false},"author":90,"featured_media":0,"comment_status":"closed","ping_status":"closed","sticky":false,"template":"","format":"standard","meta":{"footnotes":""},"categories":[1],"tags":[],"class_list":["post-842","post","type-post","status-publish","format-standard","hentry","category-egyeb","wpcat-1-id"],"publishpress_future_action":{"enabled":false,"date":"2026-05-10 13:32:25","action":"change-status","newStatus":"draft","terms":[],"taxonomy":"category","extraData":[]},"publishpress_future_workflow_manual_trigger":{"enabledWorkflows":[]},"_links":{"self":[{"href":"https:\/\/bpnyklub.hu\/bpnyklub_wp\/godt\/wp-json\/wp\/v2\/posts\/842","targetHints":{"allow":["GET"]}}],"collection":[{"href":"https:\/\/bpnyklub.hu\/bpnyklub_wp\/godt\/wp-json\/wp\/v2\/posts"}],"about":[{"href":"https:\/\/bpnyklub.hu\/bpnyklub_wp\/godt\/wp-json\/wp\/v2\/types\/post"}],"author":[{"embeddable":true,"href":"https:\/\/bpnyklub.hu\/bpnyklub_wp\/godt\/wp-json\/wp\/v2\/users\/90"}],"replies":[{"embeddable":true,"href":"https:\/\/bpnyklub.hu\/bpnyklub_wp\/godt\/wp-json\/wp\/v2\/comments?post=842"}],"version-history":[{"count":1,"href":"https:\/\/bpnyklub.hu\/bpnyklub_wp\/godt\/wp-json\/wp\/v2\/posts\/842\/revisions"}],"predecessor-version":[{"id":844,"href":"https:\/\/bpnyklub.hu\/bpnyklub_wp\/godt\/wp-json\/wp\/v2\/posts\/842\/revisions\/844"}],"wp:attachment":[{"href":"https:\/\/bpnyklub.hu\/bpnyklub_wp\/godt\/wp-json\/wp\/v2\/media?parent=842"}],"wp:term":[{"taxonomy":"category","embeddable":true,"href":"https:\/\/bpnyklub.hu\/bpnyklub_wp\/godt\/wp-json\/wp\/v2\/categories?post=842"},{"taxonomy":"post_tag","embeddable":true,"href":"https:\/\/bpnyklub.hu\/bpnyklub_wp\/godt\/wp-json\/wp\/v2\/tags?post=842"}],"curies":[{"name":"wp","href":"https:\/\/api.w.org\/{rel}","templated":true}]}}