{"id":322,"date":"2023-03-05T14:26:45","date_gmt":"2023-03-05T13:26:45","guid":{"rendered":"http:\/\/bpnyklub.hu\/bpnyklub_wp\/szugy\/?p=322"},"modified":"2025-06-22T14:42:48","modified_gmt":"2025-06-22T12:42:48","slug":"ketbukkfanyereg-pilisszentlelek-dobogoko","status":"publish","type":"post","link":"http:\/\/bpnyklub.hu\/bpnyklub_wp\/szugy\/2023\/03\/05\/ketbukkfanyereg-pilisszentlelek-dobogoko\/","title":{"rendered":"K\u00e9tb\u00fckkfanyereg- Pilisszentl\u00e9lek-Dobog\u00f3k\u0151 2023.01.07."},"content":{"rendered":"\n<p>2023.01.07. Szombat<\/p>\n\n\n\n<p>K\u00e9tb\u00fckkfanyereg- Pilisszentl\u00e9lek-Dobog\u00f3k\u0151<\/p>\n\n\n\n<p>Tal\u00e1lkoz\u00e1s: Nyugati p\u00e1lyaudvar 08.10-kor az 1. v\u00e1g\u00e1ny el\u0151tt.<\/p>\n\n\n\n<p>Sajnos v\u00e1ltozott a menetrend, nincs lehet\u0151s\u00e9g Angyalf\u00f6ldi felsz\u00e1ll\u00e1sra, \u00edgy a k\u00e1poszt\u00e1saiknak az ide\u00e1lis megk\u00f6zel\u00edt\u00e9s a R\u00e1kospalota-\u00dajpest vas\u00fat\u00e1llom\u00e1sr\u00f3l 07.45-kor indul\u00f3 vonattal c\u00e9lszer\u0171.<\/p>\n\n\n\n<p>Vonat indul: 08.21 (65 \u00e9v alattiaknak a jegy v\u00e1s\u00e1rl\u00e1sra a v\u00e1g\u00e1nyok el\u0151tti automat\u00e1b\u00f3l van lehet\u0151s\u00e9g)<\/p>\n\n\n\n<p>Vonat Esztergomba \u00e9rkezik 09.26-ra<\/p>\n\n\n\n<p>Busz indul a vonatt\u00f3l kb. 50 m\u00e9terre 09.30-kor.<\/p>\n\n\n\n<p>K\u00e9tb\u00fckkf\u00e1ra a busz \u00e9rkezik 10.04-re.<\/p>\n\n\n\n<p>Aki m\u00e1rciusban velem volt a K\u00e9tb\u00fckkfanyereg \u2013 Pilismar\u00f3t kir\u00e1ndul\u00e1sunkon az tudja, hogy egy kellemes erd\u00e9szeti aszfalt\u00fati 5 km-es s\u00e9ta v\u00e1r minket. Csak lefel\u00e9 megy\u00fcnk igen j\u00f3 min\u0151s\u00e9gi \u00faton. Az \u00fat min\u0151s\u00e9g\u00e9be csak a janu\u00e1ri id\u0151j\u00e1r\u00e1si viszonyok sz\u00f3lhatnak bele.&nbsp; (Szintk\u00fcl\u00f6nbs\u00e9g +10 m, -255 m)<\/p>\n\n\n\n<p>3 kilom\u00e9ter megt\u00e9tele ut\u00e1n egy r\u00f6vid pin\u0151re meg\u00e1llunk, majd a Pilisszentl\u00e9leki P\u00e1los Kolostor maradv\u00e1nyinak megtekintse ut\u00e1n les\u00e9t\u00e1lunk a faluba.<\/p>\n\n\n\n<p>S\u00e9t\u00e1nkra 2 \u00f3ra \u00e1ll rendelkez\u00e9sre, mert Dobog\u00f3k\u0151 fel\u00e9 11.54-kor \u00e9rkezik a busz <em>(a k\u00f6vetkez\u0151 busz csak 13.54-kor \u00e9rkezik).<\/em><\/p>\n\n\n\n<p>Ha valaki Pilisszentl\u00e9lekn\u00e9l szeretn\u00e9 befejezni a programot az a 12.08-kor indul\u00f3 busszal visszat\u00e9rhet Esztergomba, a vas\u00fat\u00e1llom\u00e1sra.<\/p>\n\n\n\n<p>Dobog\u00f3k\u0151re \u00e9rkezve megtekintj\u00fck a kil\u00e1t\u00e1st, iszunk forralt bort, illetve esz\u00fcnk a finom kolb\u00e1szb\u00f3l \u00e9s a 13.50-kor indul\u00f3 busszal vissza\u00e9r\u00fcnk Esztergomba.<\/p>\n\n\n\n<p>Aki \u00fagy gondolja, Pom\u00e1z fel\u00e9 egyszer\u0171bb a hazajut\u00e1s akkor annak azt kell tudni, hogy minden \u00f3ra 10-15 k\u00f6z\u00f6tt mennek a buszok a H\u00c9V \u00e1llom\u00e1sig.<\/p>\n\n\n\n<p>Tekintettel arra, hogy a busz Esztergom fel\u00e9 szinte majdnem mindig \u00fcres (nem igaz\u00e1n ismerik a turist\u00e1k), valamint a vonat sokkal k\u00e9nyelmesseb mint a H\u00c9V, visszafel\u00e9 is vonatot aj\u00e1nlom.<\/p>\n\n\n\n<p>Kir\u00e1ndul\u00e1si sz\u00e1nd\u00e9kotokat a megszokott m\u00f3don jelezz\u00e9tek fel\u00e9m.<\/p>\n\n\n\n<p>Szeretettel v\u00e1rlak Benneteket.<\/p>\n\n\n\n<div class=\"wp-block-group\"><div class=\"wp-block-group__inner-container is-layout-constrained wp-block-group-is-layout-constrained\"><div class=\"wp-block-image\">\n<figure class=\"aligncenter size-large is-resized\"><img loading=\"lazy\" decoding=\"async\" src=\"http:\/\/bpnyklub.hu\/bpnyklub_wp\/szugy\/wp-content\/uploads\/sites\/77\/2023\/03\/image-1024x1024.png\" alt=\"\" class=\"wp-image-325\" width=\"566\" height=\"566\" srcset=\"http:\/\/bpnyklub.hu\/bpnyklub_wp\/szugy\/wp-content\/uploads\/sites\/77\/2023\/03\/image-1024x1024.png 1024w, http:\/\/bpnyklub.hu\/bpnyklub_wp\/szugy\/wp-content\/uploads\/sites\/77\/2023\/03\/image-300x300.png 300w, http:\/\/bpnyklub.hu\/bpnyklub_wp\/szugy\/wp-content\/uploads\/sites\/77\/2023\/03\/image-150x150.png 150w, http:\/\/bpnyklub.hu\/bpnyklub_wp\/szugy\/wp-content\/uploads\/sites\/77\/2023\/03\/image-768x768.png 768w, http:\/\/bpnyklub.hu\/bpnyklub_wp\/szugy\/wp-content\/uploads\/sites\/77\/2023\/03\/image-1536x1536.png 1536w, http:\/\/bpnyklub.hu\/bpnyklub_wp\/szugy\/wp-content\/uploads\/sites\/77\/2023\/03\/image-1218x1218.png 1218w, http:\/\/bpnyklub.hu\/bpnyklub_wp\/szugy\/wp-content\/uploads\/sites\/77\/2023\/03\/image-870x870.png 870w, http:\/\/bpnyklub.hu\/bpnyklub_wp\/szugy\/wp-content\/uploads\/sites\/77\/2023\/03\/image-480x480.png 480w, http:\/\/bpnyklub.hu\/bpnyklub_wp\/szugy\/wp-content\/uploads\/sites\/77\/2023\/03\/image-100x100.png 100w, http:\/\/bpnyklub.hu\/bpnyklub_wp\/szugy\/wp-content\/uploads\/sites\/77\/2023\/03\/image.png 2048w\" sizes=\"auto, (max-width: 566px) 100vw, 566px\" \/><\/figure>\n<\/div><\/div><\/div>\n\n\n\n<div class=\"wp-block-columns is-layout-flex wp-container-core-columns-is-layout-9d6595d7 wp-block-columns-is-layout-flex\">\n<div class=\"wp-block-column is-layout-flow wp-block-column-is-layout-flow\" style=\"flex-basis:100%\"><div class=\"wp-block-image\">\n<figure class=\"aligncenter size-large is-resized\"><img loading=\"lazy\" decoding=\"async\" src=\"http:\/\/bpnyklub.hu\/bpnyklub_wp\/szugy\/wp-content\/uploads\/sites\/77\/2023\/03\/image-1-768x1024.png\" alt=\"\" class=\"wp-image-328\" width=\"565\" height=\"753\" srcset=\"http:\/\/bpnyklub.hu\/bpnyklub_wp\/szugy\/wp-content\/uploads\/sites\/77\/2023\/03\/image-1-768x1024.png 768w, http:\/\/bpnyklub.hu\/bpnyklub_wp\/szugy\/wp-content\/uploads\/sites\/77\/2023\/03\/image-1-225x300.png 225w, http:\/\/bpnyklub.hu\/bpnyklub_wp\/szugy\/wp-content\/uploads\/sites\/77\/2023\/03\/image-1-1152x1536.png 1152w, http:\/\/bpnyklub.hu\/bpnyklub_wp\/szugy\/wp-content\/uploads\/sites\/77\/2023\/03\/image-1-1218x1624.png 1218w, http:\/\/bpnyklub.hu\/bpnyklub_wp\/szugy\/wp-content\/uploads\/sites\/77\/2023\/03\/image-1-870x1160.png 870w, http:\/\/bpnyklub.hu\/bpnyklub_wp\/szugy\/wp-content\/uploads\/sites\/77\/2023\/03\/image-1-480x640.png 480w, http:\/\/bpnyklub.hu\/bpnyklub_wp\/szugy\/wp-content\/uploads\/sites\/77\/2023\/03\/image-1.png 1536w\" sizes=\"auto, (max-width: 565px) 100vw, 565px\" \/><\/figure>\n<\/div><\/div>\n<\/div>\n\n\n\n<p><\/p>\n\n\n\n<p><\/p>\n\n\n\n<p>Pilisszentl\u00e9leki, Dobog\u00f3k\u0151i kir\u00e1ndul\u00e1s<br>Id\u00e9n els\u0151 kir\u00e1ndul\u00e1sunkra, melyet Szekula Csilla szervezett janu\u00e1r 07-\u00e9n egy szombati napon<br>indultunk el Pilisszentl\u00e9kre, majd onnan Dobog\u00f3k\u0151re. 5 f\u0151s kis csapatunk \u00e1llt Szekula Csilla,<br>Pall\u00f3s Attila, \u00c1d\u00e1m Lajos, T\u00edm\u00e1r Magdi \u00e9s j\u00f3magam Fekete Ildib\u0151l.<br>Utaz\u00e1sunkat Esztergomig vonattal, majd busszal folytattuk K\u00e9tb\u00fckkfanyeregig, ahonnan<br>megkezdt\u00fck 5 km-es r\u00f6vid, kellemes kis gyalogl\u00e1sunkat. V\u00e9gig naps\u00fct\u00e9sben s\u00e9t\u00e1lhattunk,<br>k\u00f6zben \u00e9lvezt\u00fck a nap meleg\u00e9t. 3 km ut\u00e1n, ahogy Csilla el\u0151re jelezte is meg\u00e1lltunk egy r\u00f6vid<br>pihen\u0151re folyad\u00e9k \u00e9s n\u00e9mi energia p\u00f3tl\u00e1s c\u00e9lj\u00e1b\u00f3l. Pihen\u0151hely\u00fcnkt\u0151l kb. 100 m\u00e9ter ut\u00e1n<br>el\u00e9rt\u00fck Pilisszentl\u00e9leki P\u00e1los Kolostor maradv\u00e1nyaihoz. Itt f\u0151leg Lajos \u00e9s Magdi k\u00e9sz\u00edtett<br>f\u00e9nyk\u00e9peket. Folytattuk a falu fel\u00e9 utunkat, ahol nem sok id\u0151nk maradt a Dobog\u00f3k\u0151 fel\u00e9 men\u0151<br>buszunk indul\u00e1s\u00e1ig.<br>Dobog\u00f3k\u0151re \u00e9rkezve el\u0151sz\u00f6r kis csapatunk a b\u00fcf\u00e9 fel\u00e9 vette az ir\u00e1nyt, ahol ki-ki \u00edzl\u00e9se szerint<br>v\u00e1lasztott alm\u00e1s pit\u00e9t, kolb\u00e1szt \u00e9s l\u00e9lekmeleg\u00edt\u0151k\u00e9nt egy kis poh\u00e1r forralt bort. A kis szieszt\u00e1nk<br>ut\u00e1n fels\u00e9t\u00e1ltunk a kil\u00e1t\u00f3hoz, \u00fatk\u00f6zben megtekintett\u00fck B\u00e1r\u00f3 E\u00f6tv\u00f6s Lor\u00e1nd Mened\u00e9kh\u00e1zat.<br>Kil\u00e1t\u00f3hoz \u00e9rve sz\u00e9p kil\u00e1t\u00e1s ny\u00edlt a k\u00f6rny\u00e9kre. Innen folytattuk s\u00e9t\u00e1nkat eg\u00e9szen a Makovecz<br>Imre \u00e1ltal tervezett Zsindelyes Vend\u00e9gh\u00e1zig. Befejezve aznapi t\u00far\u00e1nkat visszas\u00e9t\u00e1ltunk a<br>buszmeg\u00e1ll\u00f3ig.<br>T\u00e1rsas\u00e1gunk nagyon j\u00f3l \u00e9rezte mag\u00e1t. K\u00e1r, hogy \u00e9v elej\u00e9n a tagozatb\u00f3l kevesen tudtak<br>elj\u00f6nni.<\/p>\n","protected":false},"excerpt":{"rendered":"<p>2023.01.07. Szombat K\u00e9tb\u00fckkfanyereg- Pilisszentl\u00e9lek-Dobog\u00f3k\u0151 Tal\u00e1lkoz\u00e1s: Nyugati p\u00e1lyaudvar 08.10-kor az 1. v\u00e1g\u00e1ny el\u0151tt. Sajnos v\u00e1ltozott a menetrend, nincs lehet\u0151s\u00e9g Angyalf\u00f6ldi felsz\u00e1ll\u00e1sra, \u00edgy a k\u00e1poszt\u00e1saiknak az ide\u00e1lis megk\u00f6zel\u00edt\u00e9s a R\u00e1kospalota-\u00dajpest vas\u00fat\u00e1llom\u00e1sr\u00f3l 07.45-kor indul\u00f3 vonattal c\u00e9lszer\u0171. Vonat indul: 08.21 (65 \u00e9v alattiaknak a jegy v\u00e1s\u00e1rl\u00e1sra a v\u00e1g\u00e1nyok el\u0151tti automat\u00e1b\u00f3l van lehet\u0151s\u00e9g) Vonat Esztergomba \u00e9rkezik 09.26-ra Busz indul a&#8230;<\/p>\n","protected":false},"author":6,"featured_media":107,"comment_status":"open","ping_status":"open","sticky":false,"template":"","format":"standard","meta":{"footnotes":""},"categories":[1],"tags":[],"class_list":["post-322","post","type-post","status-publish","format-standard","has-post-thumbnail","hentry","category-egyeb","wpcat-1-id"],"publishpress_future_action":{"enabled":false,"date":"2026-05-07 01:00:49","action":"change-status","newStatus":"draft","terms":[],"taxonomy":"category","extraData":[]},"publishpress_future_workflow_manual_trigger":{"enabledWorkflows":[]},"_links":{"self":[{"href":"http:\/\/bpnyklub.hu\/bpnyklub_wp\/szugy\/wp-json\/wp\/v2\/posts\/322","targetHints":{"allow":["GET"]}}],"collection":[{"href":"http:\/\/bpnyklub.hu\/bpnyklub_wp\/szugy\/wp-json\/wp\/v2\/posts"}],"about":[{"href":"http:\/\/bpnyklub.hu\/bpnyklub_wp\/szugy\/wp-json\/wp\/v2\/types\/post"}],"author":[{"embeddable":true,"href":"http:\/\/bpnyklub.hu\/bpnyklub_wp\/szugy\/wp-json\/wp\/v2\/users\/6"}],"replies":[{"embeddable":true,"href":"http:\/\/bpnyklub.hu\/bpnyklub_wp\/szugy\/wp-json\/wp\/v2\/comments?post=322"}],"version-history":[{"count":5,"href":"http:\/\/bpnyklub.hu\/bpnyklub_wp\/szugy\/wp-json\/wp\/v2\/posts\/322\/revisions"}],"predecessor-version":[{"id":412,"href":"http:\/\/bpnyklub.hu\/bpnyklub_wp\/szugy\/wp-json\/wp\/v2\/posts\/322\/revisions\/412"}],"wp:featuredmedia":[{"embeddable":true,"href":"http:\/\/bpnyklub.hu\/bpnyklub_wp\/szugy\/wp-json\/wp\/v2\/media\/107"}],"wp:attachment":[{"href":"http:\/\/bpnyklub.hu\/bpnyklub_wp\/szugy\/wp-json\/wp\/v2\/media?parent=322"}],"wp:term":[{"taxonomy":"category","embeddable":true,"href":"http:\/\/bpnyklub.hu\/bpnyklub_wp\/szugy\/wp-json\/wp\/v2\/categories?post=322"},{"taxonomy":"post_tag","embeddable":true,"href":"http:\/\/bpnyklub.hu\/bpnyklub_wp\/szugy\/wp-json\/wp\/v2\/tags?post=322"}],"curies":[{"name":"wp","href":"https:\/\/api.w.org\/{rel}","templated":true}]}}