{"id":2,"date":"2023-02-05T16:20:18","date_gmt":"2023-02-05T15:20:18","guid":{"rendered":"http:\/\/bpnyklub.hu\/bpnyklub_wp\/rakoc\/?p=1"},"modified":"2025-06-22T14:28:25","modified_gmt":"2025-06-22T12:28:25","slug":"hello-vilag","status":"publish","type":"post","link":"http:\/\/bpnyklub.hu\/bpnyklub_wp\/rakoc\/2023\/02\/05\/hello-vilag\/","title":{"rendered":"MEGH\u00cdV\u00d3 70. \u00e9vfordul\u00f3ra"},"content":{"rendered":"\n<p><\/p>\n\n\n<h3 style=\"text-align: center;\">Kedves R\u00e1k\u00f3czista Bar\u00e1tok! Tisztelt Hozz\u00e1tartoz\u00f3k \u00e9s Vend\u00e9gek!<\/h3>\n<p>A MH Budapesti Nyug\u00e1llom\u00e1ny\u00faak Klubj\u00e1nak R\u00e1k\u00f3czista Tagozata <u>szeptember 21-\u00e9n (cs) de.\u00a0<\/u><u>10.30h-kor<\/u> \u00fcnnepi megeml\u00e9kez\u00e9st tart felejthetetlen iskol\u00e1nk, a II. R\u00e1k\u00f3czi Ferenc Katonai K\u00f6z\u00e9piskola megnyit\u00e1s\u00e1nak (Esztergom, 1953.09.21.)<\/p>\n<h1 style=\"text-align: center;\"><strong>70.<\/strong><\/h1>\n<p>\u00e9vfordul\u00f3ja alkalm\u00e1b\u00f3l, melynek helysz\u00edne: a Honv\u00e9d Kultur\u00e1lis K\u00f6zpont (1143 Budapest,\u00a0Stef\u00e1nia \u00fat 34-36.) sz\u00ednh\u00e1zterme.<\/p>\n<p>Az \u00fcnnepi rendezv\u00e9ny\u00fcnkre szeretettel \u00e9s tisztelettel megh\u00edvjuk valamennyi R\u00e1k\u00f3czista bar\u00e1tunkat \u00e9s kedves hozz\u00e1tartoz\u00f3itokat (h\u00e1zast\u00e1rs, gyermekek, unok\u00e1k, d\u00e9dunok\u00e1k) \u00e9s minden kedves \u00e9rdekl\u0151d\u0151 vend\u00e9get!<\/p>\n<p><u>Tervezett program: <\/u><\/p>\n<p>&#8211; HIMNUSZ<br \/>&#8211; T\u00e1rogat\u00f3 sz\u00f3l\u00f3: <em>\u201eR\u00e1k\u00f3czi megt\u00e9r\u00e9se\u201d.<\/em> El\u0151adja: <u>Matus Mih\u00e1ly<\/u>, tagozatunk p\u00e1rtol\u00f3 tagja.<\/p>\n<p>&#8211; Konferanszi\u00e9: <u>Szombathelyi Ferenc<\/u> ny. vez\u00e9r\u0151rnagy, tagozatunk tagja (58\/IV.D.).<\/p>\n<p>Bevezet\u0151, a r\u00e9sztvev\u0151k \u00fcdv\u00f6zl\u00e9se \u00e9s a rendezv\u00e9ny levezet\u00e9se.<\/p>\n<p>&#8211; Megeml\u00e9kez\u00e9s a 70. \u00e9vfordul\u00f3r\u00f3l: <u>H\u00e1rai Tibor<\/u>, a R\u00e1k\u00f3czista Tagozat eln\u00f6ke (56\/IV.C.).<\/p>\n<p>&#8211; <em>\u201eP\u00e9lda a R\u00e1k\u00f3czist\u00e1k koh\u00e9zi\u00f3s erej\u00e9re (KUGYEMGO)\u201d<\/em> \u2013 elmondja <u>Parragh J\u00f3zsef<\/u> ny. rep.<br \/>alezredes, tagozatunk tagja (57\/IV.G.).<\/p>\n<p>&#8211; <em>\u201eA mi Alma mater\u00fcnk\u201d<\/em> \u2013 saj\u00e1t vers\u00e9t elmondja: <u>Medve Gyula<\/u> klubtagunk (58\/III.G.).<\/p>\n<p>&#8211; <u>Dr. Keszthelyi Gyula<\/u> ny. dand\u00e1rt\u00e1bornok, a BpNyKub eln\u00f6k\u00e9nek \u00fcdv\u00f6zl\u0151 szavai.<br \/>Elismer\u00e9sek, aj\u00e1nd\u00e9kok \u00e1tad\u00e1sa! <u>\u00c1tadja:<\/u> <u>Dr. Keszthelyi Gyula Eln\u00f6k \u00dar<\/u>.<\/p>\n<p><u>SZ\u00dcNET<\/u> (20 perc!)<\/p>\n<p><u>Program folytat\u00e1sa:<\/u><\/p>\n<p>&#8211; <u>Filmvet\u00edt\u00e9s<\/u> (kb. 70 perc) volt iskol\u00e1nk \u00e9let\u00e9r\u0151l, m\u0171k\u00f6d\u00e9s\u00e9r\u0151l \u00e9s a 17 \u00e9ve alakult R\u00e1k\u00f3czista Tagozat tev\u00e9kenys\u00e9g\u00e9r\u0151l.<\/p>\n<p>A filmet k\u00e9sz\u00edtette: <u>Dr. Remes P\u00e9ter<\/u> ny. orvos-ezredes klubtagunk (58\/II.C.).<\/p>\n<p>&#8211; <u>Matus Mih\u00e1ly<\/u> t\u00e1rogat\u00f3 sz\u00f3l\u00f3ja: <em>\u201eEredeti R\u00e1k\u00f3czi n\u00f3ta\u201d.<\/em><\/p>\n<p>&#8211; SZ\u00d3ZAT-tal z\u00e1rul az \u00fcnnepi megeml\u00e9kez\u00e9s.<\/p>\n<p>A vend\u00e9geket \u2013 fakultat\u00edv m\u00f3don \u2013 szeretettel v\u00e1rj\u00e1k a Regiment \u00c9tterem dolgoz\u00f3i eb\u00e9dre!<\/p>\n<p>K\u00e9rek visszajelz\u00e9st a r\u00e9szv\u00e9telre!<\/p>\n<p>Kellemes, \u00e9lm\u00e9nyd\u00fas eml\u00e9keket k\u00edv\u00e1nok \u00fcnnepi jubileumunk minden kedves r\u00e9sztvev\u0151j\u00e9nek!<\/p>\n<p>Budapest, 2023. szeptember 15.<\/p>\n<p style=\"text-align: right;\">H\u00e1rai Tibor s.k.<br \/>a R\u00e1k\u00f3czista Tagozat eln\u00f6ke<br \/>(06\/30\/748-5790; htibor38@gmail.com)<\/p>","protected":false},"excerpt":{"rendered":"<p>Kedves R\u00e1k\u00f3czista Bar\u00e1tok! Tisztelt Hozz\u00e1tartoz\u00f3k \u00e9s Vend\u00e9gek! A MH Budapesti Nyug\u00e1llom\u00e1ny\u00faak Klubj\u00e1nak R\u00e1k\u00f3czista Tagozata szeptember 21-\u00e9n (cs) de.\u00a010.30h-kor \u00fcnnepi megeml\u00e9kez\u00e9st tart felejthetetlen iskol\u00e1nk, a II. R\u00e1k\u00f3czi Ferenc Katonai K\u00f6z\u00e9piskola megnyit\u00e1s\u00e1nak (Esztergom, 1953.09.21.) 70. \u00e9vfordul\u00f3ja alkalm\u00e1b\u00f3l, melynek helysz\u00edne: a Honv\u00e9d Kultur\u00e1lis K\u00f6zpont (1143 Budapest,\u00a0Stef\u00e1nia \u00fat 34-36.) sz\u00ednh\u00e1zterme. Az \u00fcnnepi rendezv\u00e9ny\u00fcnkre szeretettel \u00e9s tisztelettel megh\u00edvjuk valamennyi R\u00e1k\u00f3czista&#8230;<\/p>\n","protected":false},"author":1,"featured_media":92,"comment_status":"closed","ping_status":"closed","sticky":false,"template":"","format":"standard","meta":{"footnotes":""},"categories":[1],"tags":[],"class_list":["post-2","post","type-post","status-publish","format-standard","has-post-thumbnail","hentry","category-egyeb","wpcat-1-id"],"publishpress_future_action":{"enabled":false,"date":"2026-05-09 13:42:30","action":"change-status","newStatus":"draft","terms":[],"taxonomy":"category","extraData":[]},"publishpress_future_workflow_manual_trigger":{"enabledWorkflows":[]},"_links":{"self":[{"href":"http:\/\/bpnyklub.hu\/bpnyklub_wp\/rakoc\/wp-json\/wp\/v2\/posts\/2","targetHints":{"allow":["GET"]}}],"collection":[{"href":"http:\/\/bpnyklub.hu\/bpnyklub_wp\/rakoc\/wp-json\/wp\/v2\/posts"}],"about":[{"href":"http:\/\/bpnyklub.hu\/bpnyklub_wp\/rakoc\/wp-json\/wp\/v2\/types\/post"}],"author":[{"embeddable":true,"href":"http:\/\/bpnyklub.hu\/bpnyklub_wp\/rakoc\/wp-json\/wp\/v2\/users\/1"}],"replies":[{"embeddable":true,"href":"http:\/\/bpnyklub.hu\/bpnyklub_wp\/rakoc\/wp-json\/wp\/v2\/comments?post=2"}],"version-history":[{"count":5,"href":"http:\/\/bpnyklub.hu\/bpnyklub_wp\/rakoc\/wp-json\/wp\/v2\/posts\/2\/revisions"}],"predecessor-version":[{"id":527,"href":"http:\/\/bpnyklub.hu\/bpnyklub_wp\/rakoc\/wp-json\/wp\/v2\/posts\/2\/revisions\/527"}],"wp:featuredmedia":[{"embeddable":true,"href":"http:\/\/bpnyklub.hu\/bpnyklub_wp\/rakoc\/wp-json\/wp\/v2\/media\/92"}],"wp:attachment":[{"href":"http:\/\/bpnyklub.hu\/bpnyklub_wp\/rakoc\/wp-json\/wp\/v2\/media?parent=2"}],"wp:term":[{"taxonomy":"category","embeddable":true,"href":"http:\/\/bpnyklub.hu\/bpnyklub_wp\/rakoc\/wp-json\/wp\/v2\/categories?post=2"},{"taxonomy":"post_tag","embeddable":true,"href":"http:\/\/bpnyklub.hu\/bpnyklub_wp\/rakoc\/wp-json\/wp\/v2\/tags?post=2"}],"curies":[{"name":"wp","href":"https:\/\/api.w.org\/{rel}","templated":true}]}}