{"id":23,"date":"2023-02-05T09:32:03","date_gmt":"2023-02-05T08:32:03","guid":{"rendered":"http:\/\/bpnyklub.hu\/bpnyklub_wp\/sablon\/?p=1"},"modified":"2025-03-17T12:30:10","modified_gmt":"2025-03-17T11:30:10","slug":"hello-vilag-2","status":"publish","type":"post","link":"http:\/\/bpnyklub.hu\/bpnyklub_wp\/pugyi\/2023\/02\/05\/hello-vilag-2\/","title":{"rendered":"40 \u00e9vesek vagyunk!"},"content":{"rendered":"<p><strong><em>40 \u00e9vesek vagyunk!<\/em><\/strong><em>&nbsp;E kerek \u00e9vfordul\u00f3 alkalm\u00e1b\u00f3l fogadj\u00e1tok szeretettel \u00fcnnepi kiadv\u00e1nyunkat, melyben kr\u00f3nik\u00e1s el\u0151deink f\u00e1radoz\u00e1s\u00e1nak k\u00f6sz\u00f6nhet\u0151en r\u00f6gz\u00edtett\u00fck m\u00faltunkat \u00e9s jelen\u00fcnket, alapj\u00e1t k\u00e9pezve j\u00f6v\u0151be vetett rem\u00e9nyeinknek.<\/em><\/p>\n<p>A Magyar Honv\u00e9ds\u00e9g Budapesti Nyug\u00e1llom\u00e1ny\u00faak Klubja P\u00e9nz\u00fcgyi Tagozata 1982-ben, 40 \u00e9ve alakult meg a Budapesti Nyug\u00e1llom\u00e1ny\u00fa Klub kor\u00e1bbi tagjaib\u00f3l, valamint az ekkori szervez\u0151 munka eredm\u00e9nyek\u00e9nt felvett \u00faj tagokb\u00f3l, Szab\u00f3 Imre ny\u00e1. ezredes (\u2020)tagozat eln\u00f6k vezet\u00e9s\u00e9vel. Az alakul\u00f3 l\u00e9tsz\u00e1m 50 f\u0151 volt, amely az ut\u00f3bbi \u00e9vek kiv\u00e9tel\u00e9vel folyamatosan n\u00f6vekedett, 2015\/2016. \u00e9vfordul\u00f3j\u00e1ra el\u00e9rte 126 f\u0151s tags\u00e1got. Sajnos a 2020. \u00e9v tavasz\u00e1n berobban\u00f3 pand\u00e9mia \u2013 rem\u00e9lhet\u0151leg csak \u00e1tmeneti id\u0151re &#8211; ezt a folyamatot megakasztotta.<\/p>\n<p>A tagozatot jelenleg 107 f\u0151, 66 n\u0151 \u00e9s 41 f\u00e9rfi klubtag alkotja, mely l\u00e9tsz\u00e1mb\u00f3l 54 f\u0151 nyug\u00e1llom\u00e1ny\u00fa katona, 40 f\u0151 honv\u00e9ds\u00e9gi nyugd\u00edjas, 13 f\u0151 csal\u00e1dtag.<\/p>\n<p>A tagozat tev\u00e9kenys\u00e9g\u00e9t kezdett\u0151l fogva \u00e1ldozatk\u00e9sz, szakmai \u00e9s emberi tapasztalatokkal felv\u00e9rtezett vezet\u0151k \u00e9s lelkes aktivist\u00e1k ir\u00e1ny\u00edtj\u00e1k, seg\u00edtik. Munk\u00e1juk eredm\u00e9nyek\u00e9nt a tagozat j\u00f3l \u00f6sszekov\u00e1csol\u00f3dott, a tagjaink \u2013 kor\u00e1bbi akt\u00edv \u00e9let\u00fck lek\u00e9pez\u0151d\u00e9sek\u00e9nt &#8211; j\u00f3l \u00e9rzik magukat egym\u00e1s t\u00e1rsas\u00e1g\u00e1ban.<\/p>\n<p>A tagozat kor\u00e1bbi vezet\u0151i k\u00f6z\u00fcl kiemelked\u0151 tev\u00e9kenys\u00e9g\u00fck\u00e9rt tisztelettel ad\u00f3zunk: dr. Szab\u00f3 Imre<\/p>\n<ol>\n<li>ezredes (\u2020), Varga J\u00e1nos ny. alezredes (\u2020), dr. F\u00f6ldes Ferenc ny. ezredes, Sebrek Attila ny. ezredes volt eln\u00f6keinknek, dr. P\u00e1szt\u00f3 Gy\u00f6rgy ny. ezredes, Ger\u0151 Elem\u00e9r ny. alezredes titk\u00e1roknak, Nagy Gyul\u00e1n\u00e9 honv\u00e9ds\u00e9gi nyugd\u00edjas, Laczk\u00f3 B\u00e1lint ny. \u0151rnagy (\u2020), Galambos \u00c9va honv\u00e9ds\u00e9gi nyugd\u00edjas (\u2020), Kov\u00e1cs Erzs\u00e9bet honv\u00e9ds\u00e9gi nyugd\u00edjas, Peier \u00c1gnes ny. t\u00f6rzsz\u00e1szl\u00f3s vezet\u0151s\u00e9gi tagoknak.<\/li>\n<\/ol>\n<p>K\u00fcl\u00f6n tisztelettel kell megeml\u00e9kezn\u00fcnk dr. Guly\u00e1s K\u00e1lm\u00e1n ny. ezredes (\u2020) \u00e9s dr. Lontai Lajos ny. alt\u00e1bornagy (\u2020) urakr\u00f3l, akik ott b\u00e1b\u00e1skodtak k\u00f6z\u00f6ss\u00e9g\u00fcnk megalak\u00edt\u00e1s\u00e1n\u00e1l, \u00e9s b\u00e1r tiszts\u00e9get nem v\u00e1llaltak, de tagozatunk minden l\u00e9p\u00e9s\u00e9t figyelemmel k\u00eds\u00e9rt\u00e9k \u00e9s seg\u00edtett\u00e9k, \u00e1polt\u00e1k kapcsolatunkat &nbsp;b\u00e1zisszerv\u00fcnkkel. Tagozatunk dr. Lontai Lajos ny. alt\u00e1bornagy urat tiszteletbeli \u00f6r\u00f6k\u00f6s eln\u00f6k\u00e9v\u00e9 v\u00e1lasztotta. Sajnos tavaly mindketten itt hagytak benn\u00fcnket, elhunytak.<\/p>\n<p>Szervezet\u00fcnk vezet\u0151 tiszts\u00e9geit jelenleg az al\u00e1bbi szem\u00e9lyek t\u00f6ltik be:<\/p>\n<p>Tiszteletbeli eln\u00f6k: dr. F\u00f6ldes Ferenc ny. ezredes<\/p>\n<p>Eln\u00f6k: dr. Gruber N\u00e1ndor ny. ddtbk.<\/p>\n<p>Titk\u00e1r: Kov\u00e1csn\u00e9 Pacsuta Sarolta ny. alezredes<\/p>\n<p>Eln\u00f6khelyettes: Kulcs\u00e1r Istv\u00e1n ny. ezredes<\/p>\n<p>Szoci\u00e1lis \u00e9s kegyeleti referens: \u00c1d\u00e1m J\u00e1nos ny. \u0151rgy.<\/p>\n<p>K\u00f6zm\u0171vel\u0151d\u00e9si referens: &nbsp; Tak\u00e1cs \u00c9va honv\u00e9ds\u00e9gi nyugd\u00edjas<\/p>\n<p>Gazdas\u00e1gi \u00fcgyint\u00e9z\u0151: M\u00e9sz\u00e1ros Kl\u00e1ra honv\u00e9ds\u00e9gi nyugd\u00edjas<\/p>\n<p>Az elm\u00falt 40 \u00e9vre visszatekintve elmondhatjuk, hogy klub\u00e9let\u00fcnk soksz\u00edn\u0171, rendk\u00edv\u00fcl gazdag a k\u00fcl\u00f6nf\u00e9le programokban, esem\u00e9nyekben. L\u00e1thatjuk, hogy egyes id\u0151szakokra jellemz\u0151 k\u00f6z\u00f6ss\u00e9gi esem\u00e9nyek m\u00e1ra m\u00e1r l\u00e9nyeg\u00e9ben elmaradtak, csak eml\u00e9keinkben \u00e9lnek (pl. csapatl\u00e1togat\u00e1sok, l\u00f6v\u00e9szet, juni\u00e1lis \u00e9s f\u0151z\u0151verseny), m\u00edg m\u00e1sok, a kultur\u00e1lis programok dominanci\u00e1ja, \u201e\u00f6r\u00f6k\u00e9rv\u00e9ny\u0171s\u00e9ge\u201d mellett, a meg\u00fajul\u00e1s jegy\u00e9ben ker\u00fcltek fel \u00fajk\u00e9nt programjaink k\u00f6z\u00e9 (pl. a Nagy h\u00e1bor\u00fa \u00e1ldozatainak eml\u00e9k\u00e9re rendezett gyertyagy\u00fajt\u00e1s, \u201e\u00edr\u00f3-olvas\u00f3\u201d tal\u00e1lkoz\u00f3).<\/p>\n<p>Szervezeti \u00e9let\u00fcnk form\u00e1lis m\u0171k\u00f6d\u00e9s\u00e9nek alapj\u00e1t jelent\u0151, a ny\u00e1ri sz\u00fcnet kiv\u00e9tel\u00e9vel, havi rendszeress\u00e9ggel megtartott klubnapok mellett \u2013 a teljess\u00e9g ig\u00e9nye n\u00e9lk\u00fcl bemutatva &#8211; sz\u00e1mos, a Klub \u00e9s a tagozatunk \u00e1ltal szervezett rendezv\u00e9nyen vett\u00fcnk r\u00e9szt:<\/p>\n<ul>\n<li>\u00e9venk\u00e9nti besz\u00e1mol\u00f3 k\u00f6zgy\u0171l\u00e9s;<\/li>\n<li>Klub k\u00fcld\u00f6ttgy\u0171l\u00e9sek;<\/li>\n<li>\u00e9venk\u00e9nt k\u00f6zponti rendezv\u00e9nyek: Nyugd\u00edjas B\u00e1l, N\u0151nap, Feny\u0151 \u00fcnnep;<\/li>\n<li>k\u00e9thavonta ism\u00e9tl\u0151d\u0151 &#8222;Gondtalan \u00f3r\u00e1k&#8221; c\u00edm\u0171 rendezv\u00e9ny;<\/li>\n<li>\u00e9venk\u00e9nti szalonnas\u00fct\u00e9s;<\/li>\n<li>m\u00fazeuml\u00e1togat\u00e1s: Sz\u00e9pm\u0171v\u00e9szeti M\u00fazeum, Nemzeti Gal\u00e9ria, Nemzeti M\u00fazeum, Hadt\u00f6rt\u00e9neti M\u00fazeum, Bajor Gizi M\u00fazeum, Postam\u00fazeum, Vasarely M\u00fazeum, Iparm\u0171v\u00e9szeti M\u00fazeum, Magyar Term\u00e9szettudom\u00e1nyi M\u00fazeum, N\u00e9prajzi M\u00fazeum, stb.<\/li>\n<li>G\u00f6d\u00f6ll\u0151i Kir\u00e1lyi Kast\u00e9ly, Budai v\u00e1r, \u00d3buda, haj\u00f3val a Dun\u00e1n, gyalog mindk\u00e9t partj\u00e1n, Belv\u00e1ros nevezetess\u00e9gei, Tropik\u00e1rium, Andr\u00e1ssy \u00fati palot\u00e1k, Operah\u00e1z, Parlament, Bazilika, Zsinag\u00f3ga, V\u00e1rosliget, Promontor, Budakeszi Vadaspark, Sziklak\u00f3rh\u00e1z \u00e9s Ment\u0151m\u00fazeum, R\u00f3th Miksa eml\u00e9kh\u00e1z, Millennium H\u00e1za, Belv\u00e1rosi Nagyboldogasszony F\u0151pl\u00e9b\u00e1nia templom, Zene h\u00e1za, stb.<\/li>\n<li>b\u00e1zisszerv megh\u00edv\u00e1s\u00e1ra r\u00e9szv\u00e9tel \u00fcnnepi \u00e1llom\u00e1nygy\u0171l\u00e9seken, sz\u00f3rakoztat\u00f3 programokon, mint a Juni\u00e1lis, f\u0151z\u0151 \u00e9s l\u00f6v\u00e9sz versenyek;<\/li>\n<li>csapatl\u00e1togat\u00e1sok: Sz\u00e9kesfeh\u00e9rv\u00e1r, Szolnok, P\u00e1pa, Szentkir\u00e1lyszabadja, V\u00e1rpalota; nem ritka, hogy az akkori megh\u00edv\u00f3nk, h\u00e1zigazd\u00e1nk ma a klub tagja, mint Ber\u00e9nyi Oszk\u00e1r dand\u00e1rt\u00e1bornok, vagy Sebrek Attila ezredes;<\/li>\n<li>j\u00f3l siker\u00fclt kir\u00e1ndul\u00e1sok Sz\u00e9kesfeh\u00e9rv\u00e1r, P\u00e9cs, Veszpr\u00e9m, Visegr\u00e1d, Gy\u0151r, Gy\u00f6ngy\u00f6s, V\u00e1c, Gyula, Debrecen, Eger, Szeged, Szeksz\u00e1rd, Zebeg\u00e9ny, Esztergom, R\u00e1ckeve, Kecskem\u00e9t, Szentendre, F\u00f3t, Martonv\u00e1s\u00e1r, Kir\u00e1lyr\u00e9t, Tata, V\u00e1rpalota;<\/li>\n<li>tal\u00e1lkoz\u00e1sok klubt\u00e1rsaink h\u00e9tv\u00e9gi telkein, \u00edgy F\u00f6ldes Ferenc ny. ezredes, dr. Hajd\u00fafi L\u00e1szl\u00f3 ny. ezredes (\u2020) \u00e9s \u00c1d\u00e1m J\u00e1nos ny. \u0151rnagy, Kulcs\u00e1r Istv\u00e1n ny. ezredes megh\u00edv\u00e1s\u00e1ra;<\/li>\n<li>nem hagytuk ki Kecelen l\u00e9v\u0151 a &#8222;Pint\u00e9r M\u0171vek&#8221; haditechnikai parkj\u00e1t, a paksi Atomer\u0151m\u0171vet, a Csilleb\u00e9rci Izot\u00f3p Int\u00e9zetet, vagy az Unikum gy\u00e1rat sem;<\/li>\n<li>klubnapjainkon tagjaink rendszeresen t\u00e1j\u00e9koztat\u00e1st kapnak az aktu\u00e1lis esem\u00e9nyekr\u0151l, szakavatott el\u0151ad\u00f3k seg\u00edts\u00e9g\u00e9vel a nyugd\u00edjasokat \u00e9rint\u0151 v\u00e1ltoz\u00e1sokr\u00f3l, \u00e9lm\u00e9ny, vagy \u00e9let\u00fat besz\u00e1mol\u00f3t hallgathatnak meg. Javaslataikkal, hozz\u00e1sz\u00f3l\u00e1saikkal alak\u00edthatj\u00e1k programjainkat, vagy \u00e9ppen d\u00f6nthetnek a felk\u00edn\u00e1lt programok alternat\u00edv\u00e1i k\u00f6z\u00f6tt. Negyed\u00e9venk\u00e9nt sz\u00edntere a jubil\u00e1nsaink k\u00f6sz\u00f6nt\u00e9s\u00e9nek \u00e9s k\u00f6tetlen besz\u00e9lget\u00e9seknek. 2016-t\u00f3l imm\u00e1r hagyom\u00e1ny lett, hogy ilyen alkalmakkor neves, vagy amat\u0151r m\u0171v\u00e9szek is k\u00f6sz\u00f6ntik jubil\u00e1nsainkat, esetenk\u00e9nt komplett \u00f6ssze\u00e1ll\u00edt\u00e1sokkal.<\/li>\n<li>Hagyom\u00e1nyunk, hogy a Halottak napja alkalm\u00e1b\u00f3l Kegyeleti Megeml\u00e9kez\u00e9st tartunk az elhunyt katona- \u00e9s polg\u00e1ri munkat\u00e1rsaink eml\u00e9k\u00e9re gyertyagy\u00fajt\u00e1ssal. Elhunyt Klubtagjaink eml\u00e9k\u00e9t meg\u0151rizz\u00fck \u00e9s \u00e1poljuk. Kapcsol\u00f3dunk a Nagy H\u00e1bor\u00fa \u00e1ldozataira eml\u00e9kez\u0151 v\u00e1rosligeti m\u00e9cses gy\u00fajt\u00e1shoz az els\u0151 vil\u00e1gh\u00e1bor\u00fat lez\u00e1r\u00f3 1918. november 11-i compiegne-i fegyversz\u00fcneti egyezm\u00e9ny \u00e9vfordul\u00f3j\u00e1n.<\/li>\n<\/ul>\n<p>Meghat\u00e1roz\u00f3 sz\u00e1munkra az a t\u00e1mogat\u00e1s, amit tagozatunk a Magyar Honv\u00e9ds\u00e9g P\u00e9nz\u00fcgyi Szolg\u00e1lata mindenkori vezet\u0151 \u2013 jogut\u00f3d &#8211; szerv\u00e9t\u0151l az elm\u00falt 40 \u00e9vben kapott: alap\u00edt\u00e1skor a HM P\u00e9nz\u00fcgyi F\u0151n\u00f6ks\u00e9gt\u0151l, napjainkban jogut\u00f3dj\u00e1t\u00f3l a HM V\u00e9delemgazdas\u00e1gi Hivatalt\u00f3l \u00e9s vezet\u0151it\u0151l, mely t\u00e1mogat\u00e1s\u00e9rt \u00e9s kit\u00fcntet\u0151 figyelem\u00e9rt ez \u00faton is k\u00f6sz\u00f6netet mondunk. Tagozatunk vezet\u0151s\u00e9ge szoros kapcsolatot tart a HM VGH f\u0151igazgat\u00f3j\u00e1val, vezet\u0151ivel. Ballain\u00e9 Krikker Zsuzs\u00e1nna dand\u00e1rt\u00e1bornok asszony figyelemmel k\u00eds\u00e9ri tev\u00e9kenys\u00e9g\u00fcnket, szem\u00e9lyesen is t\u00e1mogatja t\u00f6rekv\u00e9seinket, r\u00e9szv\u00e9tel\u00e9vel emeli legfontosabb rendezv\u00e9nyeink sz\u00ednvonal\u00e1t.<\/p>\n<p>A Tagozatot k\u00e9pviselve akt\u00edvan r\u00e9szt vesz\u00fcnk a Klub megfelel\u0151 vezet\u00e9si f\u00f3rumain, \u00edgy: a Klubtan\u00e1cs \u00fcl\u00e9sein, a Titk\u00e1ri \u00e9rtekezleten, bizotts\u00e1gai, \u00edgy a Szoci\u00e1lis- \u00e9s Kegyeleti Munkabizotts\u00e1g, valamint a Kultur\u00e1lis \u00e9s K\u00f6zm\u0171vel\u0151d\u00e9si Munkabizotts\u00e1g munk\u00e1j\u00e1ban, tagjaink sor\u00e1b\u00f3l deleg\u00e1ltuk a Fel\u00fcgyel\u0151 Bizotts\u00e1g eln\u00f6k\u00e9t \u00e9s tagjait. Soraink k\u00f6z\u00fcl ker\u00fclt ki a klub \u00fcgyvezet\u0151 eln\u00f6ke, valamint a Kultur\u00e1lis \u00e9s K\u00f6zm\u0171vel\u0151d\u00e9si Munkabizotts\u00e1g eln\u00f6ke. A Klubtan\u00e1cs, valamint a titk\u00e1ri \u00e9s a munkabizotts\u00e1gi felel\u0151si rendszer keret\u00e9ben kapott t\u00e1j\u00e9koztat\u00e1sokat, inform\u00e1ci\u00f3kat feldolgozzuk, saj\u00e1t rendszer\u00fcnk\u00f6n szinte azonnal tov\u00e1bb\u00edtjuk. Klubnapunkr\u00f3l \u00e9s egy\u00e9b fontosabb esem\u00e9nyekr\u0151l havi t\u00e1j\u00e9koztat\u00f3t k\u00e9sz\u00edt\u00fcnk, amelyet \u2013 takar\u00e9koss\u00e1gi okokb\u00f3l \u2013 els\u0151sorban e-mailen juttatunk el klubtagjainkhoz. Tagjaink k\u00f6z\u00fcl mind\u00f6ssze 10 f\u0151 nem rendelkezik e-mail c\u00edmmel, \u0151ket id\u0151szakonk\u00e9nt lev\u00e9lben t\u00e1j\u00e9koztatjuk a legfontosabb esem\u00e9nyekr\u0151l.<\/p>\n<p>A Klub honlapj\u00e1nak megjelen\u00e9se el\u0151tt a legfontosabb inform\u00e1ci\u00f3kat a Facebookon \u201eP\u00e9nz\u00fcgyi nyugd\u00edjasok\u201d nyilv\u00e1nos csoport oldalon is k\u00f6zz\u00e9tett\u00fck. Miut\u00e1n ez nyilv\u00e1nos, csoporttagjaink sz\u00e1ma ma m\u00e1r 430 \u00e9s nyilv\u00e1n val\u00f3, hogy nem csak a tagozatunk \u00e1llom\u00e1ny\u00e1b\u00f3l tev\u0151dik \u00f6ssze. A csoport t\u00f6bbs\u00e9ge a p\u00e9nz\u00fcgyi szolg\u00e1latban dolgozott, de egyesek m\u00e9g szolg\u00e1lnak ma is. Van a csoportban n\u00e9h\u00e1ny kedves ismer\u0151s, akik nem p\u00e9nz\u00fcgyesek, vagy nem a honv\u00e9ds\u00e9g k\u00f6r\u00e9b\u0151l sz\u00e1rmaznak, de \u00e9rdekli \u0151ket napi tev\u00e9kenys\u00e9g\u00fcnk. A honlap megjelen\u00e9s\u00e9vel megosztjuk az inform\u00e1ci\u00f3kat (eddig sem ker\u00fclt bizalmas adat a ny\u00edlt oldalunkra). Az oldal lehet\u0151s\u00e9get biztos\u00edt arra is, hogy hetente k\u00f6sz\u00f6nts\u00fck az aktu\u00e1lis sz\u00fclet\u00e9s- \u00e9s n\u00e9vnaposokat, de itt adunk \u00e9rtes\u00edt\u00e9st sajn\u00e1latosan elhunyt t\u00e1rsainkr\u00f3l is.<\/p>\n<p>Sajnos m\u00e9g nem rendszeres, de t\u00f6bb akt\u00edv tagunk bevon\u00e1s\u00e1val igyeksz\u00fcnk kisz\u00e9les\u00edteni kapcsolatunkat az eg\u00e9szs\u00e9g\u00fck megroml\u00e1sa miatt klubrendezv\u00e9nyeinken r\u00e9szt venni nem tud\u00f3 tagt\u00e1rsunk megl\u00e1togat\u00e1s\u00e1val. A mostani j\u00e1rv\u00e1nyhelyzetben ez m\u00e9g nehezebb\u00e9 v\u00e1lt, ugyanakkor tapasztaltuk azt is, hogy a term\u00e9szetes szem\u00e9rem ok\u00e1n, vagy a csal\u00e1d, vagy a megl\u00e1togatni k\u00edv\u00e1nt z\u00e1rk\u00f3zik el el\u0151le.<\/p>\n<p>Munkafelt\u00e9teleinkben, elhelyez\u00e9si k\u00f6r\u00fclm\u00e9nyeinkben jelent\u0151s, pozit\u00edv ir\u00e1ny\u00fa v\u00e1ltoz\u00e1sok k\u00f6vetkeztek be. Fel\u00faj\u00edt\u00e1sra \u00e9s kialak\u00edt\u00e1sra ker\u00fcltek a 2. emeleti k\u00f6z\u00f6ss\u00e9gi helyis\u00e9gek, melyeket a Klub, illetve tagozatai \u2013 felk\u00f6lt\u00f6zve az alagsori klubszob\u00e1b\u00f3l &#8211; birtokba vehett\u00e9k. Klubnapjainkat 2018. \u00e9vt\u0151l, egy 90 f\u00e9r\u0151helyes teremben tudjuk megtartani kultur\u00e1lt k\u00f6r\u00fclm\u00e9nyek k\u00f6z\u00f6tt.<\/p>\n<p>Az elm\u00falt 40 \u00e9vben \u00e9lm\u00e9nyekben \u00e9s l\u00e1tnival\u00f3kban gazdag programok, tagozati rendezv\u00e9nyek vannak m\u00f6g\u00f6tt\u00fcnk, melyek nem csak tud\u00e1sunkat, ismereteinket gazdag\u00edtj\u00e1k, de szorosabb\u00e1 is f\u0171zik kapcsolatainkat, a r\u00e9sztvev\u0151k k\u00f6z\u00f6ss\u00e9gi \u00e9rz\u00e9s\u00e9t. M\u00faltunkra val\u00f3 eml\u00e9kez\u00e9s mellett kedvcsin\u00e1l\u00f3nak is sz\u00e1ntuk e kiadv\u00e1nyt. Szeretn\u00e9nk, hogy min\u00e9l t\u00f6bben kapcsol\u00f3djanak be j\u00f6v\u0151ben a Klub \u00e9s Tagozatunk meghirdetett programjaiba. Ny\u00edlt rendezv\u00e9nyeink, s ez van t\u00f6bbs\u00e9gben, nem csak klubt\u00e1rsainknak \u00e1ll rendelkez\u00e9s\u00e9re, v\u00e1runk minden \u00e9rdekl\u0151d\u0151t.<\/p>\n<p>\u00d6nmagunk \u00e9s m\u00faltunk megbecs\u00fcl\u00e9sek\u00e9nt tov\u00e1bbra is \u00e1lljon el\u0151tt\u00fcnk a Magyar Honv\u00e9ds\u00e9g P\u00e9nz\u00fcgyi Szolg\u00e1lat\u00e1nak jelmondata:<\/p>\n<p><strong><em>Sine praeteritis futura nulla<\/em><\/strong>&nbsp;(M\u00falt n\u00e9lk\u00fcl nincs j\u00f6v\u0151)<\/p>\n<p style=\"padding-left: 80px;\">Budapest, 2022. \u00e1prilis h\u00f3<\/p>\n<p style=\"text-align: right;\">Dr. Gr\u00faber N\u00e1ndor nyug\u00e1llom\u00e1ny\u00fa dand\u00e1rt\u00e1bornok<br \/>\ntagozat eln\u00f6k&nbsp; &nbsp; &nbsp; &nbsp; &nbsp; &nbsp; &nbsp; &nbsp; &nbsp; &nbsp; &nbsp; &nbsp; &nbsp; &nbsp; &nbsp; &nbsp; &nbsp;<\/p>\n","protected":false},"excerpt":{"rendered":"<p>40 \u00e9vesek vagyunk!&nbsp;E kerek \u00e9vfordul\u00f3 alkalm\u00e1b\u00f3l fogadj\u00e1tok szeretettel \u00fcnnepi kiadv\u00e1nyunkat, melyben kr\u00f3nik\u00e1s el\u0151deink f\u00e1radoz\u00e1s\u00e1nak k\u00f6sz\u00f6nhet\u0151en r\u00f6gz\u00edtett\u00fck m\u00faltunkat \u00e9s jelen\u00fcnket, alapj\u00e1t k\u00e9pezve j\u00f6v\u0151be vetett rem\u00e9nyeinknek. A Magyar Honv\u00e9ds\u00e9g Budapesti Nyug\u00e1llom\u00e1ny\u00faak Klubja P\u00e9nz\u00fcgyi Tagozata 1982-ben, 40 \u00e9ve alakult meg a Budapesti Nyug\u00e1llom\u00e1ny\u00fa Klub kor\u00e1bbi tagjaib\u00f3l, valamint az ekkori szervez\u0151 munka eredm\u00e9nyek\u00e9nt felvett \u00faj tagokb\u00f3l, Szab\u00f3 Imre ny\u00e1&#8230;.<\/p>\n","protected":false},"author":1,"featured_media":388,"comment_status":"open","ping_status":"open","sticky":false,"template":"","format":"standard","meta":{"footnotes":""},"categories":[1],"tags":[],"class_list":["post-23","post","type-post","status-publish","format-standard","has-post-thumbnail","hentry","category-egyeb","wpcat-1-id"],"publishpress_future_action":{"enabled":false,"date":"2026-05-06 23:36:31","action":"change-status","newStatus":"draft","terms":[],"taxonomy":"category","extraData":[]},"publishpress_future_workflow_manual_trigger":{"enabledWorkflows":[]},"_links":{"self":[{"href":"http:\/\/bpnyklub.hu\/bpnyklub_wp\/pugyi\/wp-json\/wp\/v2\/posts\/23","targetHints":{"allow":["GET"]}}],"collection":[{"href":"http:\/\/bpnyklub.hu\/bpnyklub_wp\/pugyi\/wp-json\/wp\/v2\/posts"}],"about":[{"href":"http:\/\/bpnyklub.hu\/bpnyklub_wp\/pugyi\/wp-json\/wp\/v2\/types\/post"}],"author":[{"embeddable":true,"href":"http:\/\/bpnyklub.hu\/bpnyklub_wp\/pugyi\/wp-json\/wp\/v2\/users\/1"}],"replies":[{"embeddable":true,"href":"http:\/\/bpnyklub.hu\/bpnyklub_wp\/pugyi\/wp-json\/wp\/v2\/comments?post=23"}],"version-history":[{"count":9,"href":"http:\/\/bpnyklub.hu\/bpnyklub_wp\/pugyi\/wp-json\/wp\/v2\/posts\/23\/revisions"}],"predecessor-version":[{"id":153,"href":"http:\/\/bpnyklub.hu\/bpnyklub_wp\/pugyi\/wp-json\/wp\/v2\/posts\/23\/revisions\/153"}],"wp:featuredmedia":[{"embeddable":true,"href":"http:\/\/bpnyklub.hu\/bpnyklub_wp\/pugyi\/wp-json\/wp\/v2\/media\/388"}],"wp:attachment":[{"href":"http:\/\/bpnyklub.hu\/bpnyklub_wp\/pugyi\/wp-json\/wp\/v2\/media?parent=23"}],"wp:term":[{"taxonomy":"category","embeddable":true,"href":"http:\/\/bpnyklub.hu\/bpnyklub_wp\/pugyi\/wp-json\/wp\/v2\/categories?post=23"},{"taxonomy":"post_tag","embeddable":true,"href":"http:\/\/bpnyklub.hu\/bpnyklub_wp\/pugyi\/wp-json\/wp\/v2\/tags?post=23"}],"curies":[{"name":"wp","href":"https:\/\/api.w.org\/{rel}","templated":true}]}}